{"id":50914,"date":"2018-05-13T14:42:36","date_gmt":"2018-05-13T17:42:36","guid":{"rendered":"http:\/\/caririemacao.com\/1\/?p=50914"},"modified":"2018-05-13T14:42:36","modified_gmt":"2018-05-13T17:42:36","slug":"george-aquino-lamenta-morte-de-romulo-gouveia","status":"publish","type":"post","link":"https:\/\/www.caririemacao.com\/1\/2018\/05\/13\/george-aquino-lamenta-morte-de-romulo-gouveia\/","title":{"rendered":"George Aquino lamenta morte de R\u00f4mulo Gouveia"},"content":{"rendered":"<p>O presidente do PSB de S\u00e3o Jo\u00e3o do Cariri, George Aquino, usou a rede social para lamento profundamente o falecimento do seu amigo R\u00f4mulo Gouveia.<\/p>\n<p>\u201cR\u00f4mulo era uma pessoa do bem, prestativo e sempre atencioso aos anseios dos paraibanos. A Para\u00edba perdeu muito, sobretudo a cidade de Campina Grande\u201d, lamentou.<\/p>\n<p>O vel\u00f3rio de Gouveia acontece desde \u00e0s 12h, na C\u00e2mara Municipal de Campina Grande. \u00c0 noite, o corpo segue para o Cemit\u00e9rio Campo Santo da Paz, tamb\u00e9m em Campina Grande, onde ser\u00e1 velado at\u00e9 as 16h de segunda-feira (14), quando ser\u00e1 sepultado. O vel\u00f3rio ser\u00e1 aberto ao p\u00fablico.<\/p>\n<p><strong>CARIRI EM A\u00c7\u00c3O<\/strong><\/p>\n<p>Leia mais not\u00edcias em\u00a0<a href=\"http:\/\/www.caririemacao.com\/\">caririemacao.com<\/a>, siga nossa p\u00e1gina no\u00a0<a href=\"https:\/\/www.facebook.com\/CaririEmAcao\/?ref=aymt_homepage_panel\">Facebook<\/a>,\u00a0<a href=\"https:\/\/www.instagram.com\/cariri_em_acao\/?hl=pt-br\">Instagram<\/a>\u00a0e\u00a0<a href=\"https:\/\/www.youtube.com\/channel\/UCAptA0jQuYQy8vMhLt2m4qg\">Youtube<\/a>\u00a0e veja nossas mat\u00e9rias, v\u00eddeos e fotos. Voc\u00ea tamb\u00e9m pode enviar informa\u00e7\u00f5es \u00e0 Reda\u00e7\u00e3o do Portal Cariri em A\u00e7\u00e3o pelo WhatsApp (83) 9 9634.5791, (83) 9 9601-1162.<\/p>\n","protected":false},"excerpt":{"rendered":"<p>O presidente do PSB de S\u00e3o Jo\u00e3o do Cariri, George Aquino, usou a rede social para lamento profundamente o falecimento do seu amigo R\u00f4mulo Gouveia.&hellip; <\/p>\n","protected":false},"author":2,"featured_media":50915,"comment_status":"closed","ping_status":"closed","sticky":false,"template":"","format":"standard","meta":{"sfsi_plus_gutenberg_text_before_share":"","sfsi_plus_gutenberg_show_text_before_share":"","sfsi_plus_gutenberg_icon_type":"","sfsi_plus_gutenberg_icon_alignemt":"","sfsi_plus_gutenburg_max_per_row":"","footnotes":""},"categories":[11],"tags":[],"class_list":["post-50914","post","type-post","status-publish","format-standard","has-post-thumbnail","hentry","category-politica"],"_links":{"self":[{"href":"https:\/\/www.caririemacao.com\/1\/wp-json\/wp\/v2\/posts\/50914","targetHints":{"allow":["GET"]}}],"collection":[{"href":"https:\/\/www.caririemacao.com\/1\/wp-json\/wp\/v2\/posts"}],"about":[{"href":"https:\/\/www.caririemacao.com\/1\/wp-json\/wp\/v2\/types\/post"}],"author":[{"embeddable":true,"href":"https:\/\/www.caririemacao.com\/1\/wp-json\/wp\/v2\/users\/2"}],"replies":[{"embeddable":true,"href":"https:\/\/www.caririemacao.com\/1\/wp-json\/wp\/v2\/comments?post=50914"}],"version-history":[{"count":0,"href":"https:\/\/www.caririemacao.com\/1\/wp-json\/wp\/v2\/posts\/50914\/revisions"}],"wp:featuredmedia":[{"embeddable":true,"href":"https:\/\/www.caririemacao.com\/1\/wp-json\/wp\/v2\/media\/50915"}],"wp:attachment":[{"href":"https:\/\/www.caririemacao.com\/1\/wp-json\/wp\/v2\/media?parent=50914"}],"wp:term":[{"taxonomy":"category","embeddable":true,"href":"https:\/\/www.caririemacao.com\/1\/wp-json\/wp\/v2\/categories?post=50914"},{"taxonomy":"post_tag","embeddable":true,"href":"https:\/\/www.caririemacao.com\/1\/wp-json\/wp\/v2\/tags?post=50914"}],"curies":[{"name":"wp","href":"https:\/\/api.w.org\/{rel}","templated":true}]}}