{"id":50917,"date":"2018-05-13T15:05:09","date_gmt":"2018-05-13T18:05:09","guid":{"rendered":"http:\/\/caririemacao.com\/1\/?p=50917"},"modified":"2018-05-13T15:05:09","modified_gmt":"2018-05-13T18:05:09","slug":"vice-prefeito-de-ouro-velho-lamenta-morte-de-romulo-gouveia","status":"publish","type":"post","link":"https:\/\/www.caririemacao.com\/1\/2018\/05\/13\/vice-prefeito-de-ouro-velho-lamenta-morte-de-romulo-gouveia\/","title":{"rendered":"Vice-prefeito de Ouro Velho lamenta morte de R\u00f4mulo Gouveia"},"content":{"rendered":"<p>O vice-prefeito de Ouro Velho, Fl\u00e1vio Henrique, atual presidente do PSD Municipal, disse que \u00e9 com muita tristeza que recebeu a not\u00edcia do falecimento do presidente estadual do Partido Social Democrata (PSD) e deputado federal R\u00f4mulo Gouveia.<\/p>\n<p>Fl\u00e1vio Henrique comentou que o diret\u00f3rio do PSD de Ouro Velho manifesta seu pesar e solidariedade \u00e0 fam\u00edlia, aos amigos, e a todos os companheiros e companheiras que juntamente com R\u00f4mulo lutaram aguerridamente por uma sociedade mais justa e igualit\u00e1ria para todos e todas.<\/p>\n<p>O vice-prefeito, que est\u00e1 neste domingo ao lado do ex-presidente da C\u00e2mara Municipal de Ouro Velho, Wendel Sidclei, participando do vel\u00f3rio do deputado, ressaltou que R\u00f4mulo sempre, onde atuou, deixou como marca a for\u00e7a de seu car\u00e1ter e o referencial de \u00e9tica e dedica\u00e7\u00e3o aos paraibanos.<\/p>\n<p>\u201cR\u00f4mulo era um homem de car\u00e1ter e um dos pol\u00edticos mais carism\u00e1ticos da Para\u00edba, parceiro de Ouro Velho e um verdadeiro irm\u00e3o do povo ourovelhense. N\u00f3s perdemos muito com sua morte. Nossos sentimos a toda fam\u00edlia, em especial a amiga Eva Gouveia\u2019, comentou.<\/p>\n<p><strong>O VEL\u00d3RIO<\/strong><\/p>\n<p>O vel\u00f3rio de R\u00f4mulo Gouveia acontece desde \u00e0s 12h, na C\u00e2mara Municipal de Campina Grande. \u00c0 noite, o corpo segue para o Cemit\u00e9rio Campo Santo da Paz, tamb\u00e9m em Campina Grande, onde ser\u00e1 velado at\u00e9 as 16h de segunda-feira (14), quando ser\u00e1 sepultado. O vel\u00f3rio ser\u00e1 aberto ao p\u00fablico.<\/p>\n<p><strong>CARIRI EM A\u00c7\u00c3O<\/strong><\/p>\n<p>Leia mais not\u00edcias em\u00a0<a href=\"http:\/\/www.caririemacao.com\/\">caririemacao.com<\/a>, siga nossa p\u00e1gina no\u00a0<a href=\"https:\/\/www.facebook.com\/CaririEmAcao\/?ref=aymt_homepage_panel\">Facebook<\/a>,\u00a0<a href=\"https:\/\/www.instagram.com\/cariri_em_acao\/?hl=pt-br\">Instagram<\/a>\u00a0e\u00a0<a href=\"https:\/\/www.youtube.com\/channel\/UCAptA0jQuYQy8vMhLt2m4qg\">Youtube<\/a>\u00a0e veja nossas mat\u00e9rias, v\u00eddeos e fotos. Voc\u00ea tamb\u00e9m pode enviar informa\u00e7\u00f5es \u00e0 Reda\u00e7\u00e3o do Portal Cariri em A\u00e7\u00e3o pelo WhatsApp (83) 9 9634.5791, (83) 9 9601-1162.<\/p>\n","protected":false},"excerpt":{"rendered":"<p>O vice-prefeito de Ouro Velho, Fl\u00e1vio Henrique, atual presidente do PSD Municipal, disse que \u00e9 com muita tristeza que recebeu a not\u00edcia do falecimento do&hellip; <\/p>\n","protected":false},"author":2,"featured_media":50918,"comment_status":"closed","ping_status":"closed","sticky":false,"template":"","format":"standard","meta":{"sfsi_plus_gutenberg_text_before_share":"","sfsi_plus_gutenberg_show_text_before_share":"","sfsi_plus_gutenberg_icon_type":"","sfsi_plus_gutenberg_icon_alignemt":"","sfsi_plus_gutenburg_max_per_row":"","footnotes":""},"categories":[11],"tags":[],"class_list":["post-50917","post","type-post","status-publish","format-standard","has-post-thumbnail","hentry","category-politica"],"_links":{"self":[{"href":"https:\/\/www.caririemacao.com\/1\/wp-json\/wp\/v2\/posts\/50917","targetHints":{"allow":["GET"]}}],"collection":[{"href":"https:\/\/www.caririemacao.com\/1\/wp-json\/wp\/v2\/posts"}],"about":[{"href":"https:\/\/www.caririemacao.com\/1\/wp-json\/wp\/v2\/types\/post"}],"author":[{"embeddable":true,"href":"https:\/\/www.caririemacao.com\/1\/wp-json\/wp\/v2\/users\/2"}],"replies":[{"embeddable":true,"href":"https:\/\/www.caririemacao.com\/1\/wp-json\/wp\/v2\/comments?post=50917"}],"version-history":[{"count":0,"href":"https:\/\/www.caririemacao.com\/1\/wp-json\/wp\/v2\/posts\/50917\/revisions"}],"wp:featuredmedia":[{"embeddable":true,"href":"https:\/\/www.caririemacao.com\/1\/wp-json\/wp\/v2\/media\/50918"}],"wp:attachment":[{"href":"https:\/\/www.caririemacao.com\/1\/wp-json\/wp\/v2\/media?parent=50917"}],"wp:term":[{"taxonomy":"category","embeddable":true,"href":"https:\/\/www.caririemacao.com\/1\/wp-json\/wp\/v2\/categories?post=50917"},{"taxonomy":"post_tag","embeddable":true,"href":"https:\/\/www.caririemacao.com\/1\/wp-json\/wp\/v2\/tags?post=50917"}],"curies":[{"name":"wp","href":"https:\/\/api.w.org\/{rel}","templated":true}]}}