{"id":50922,"date":"2018-05-13T15:23:26","date_gmt":"2018-05-13T18:23:26","guid":{"rendered":"http:\/\/caririemacao.com\/1\/?p=50922"},"modified":"2018-05-13T15:25:48","modified_gmt":"2018-05-13T18:25:48","slug":"estudantes-sumeenses-realizam-congresso-municipal-da-ujs","status":"publish","type":"post","link":"https:\/\/www.caririemacao.com\/1\/2018\/05\/13\/estudantes-sumeenses-realizam-congresso-municipal-da-ujs\/","title":{"rendered":"Estudantes sumeenses realizam Congresso Municipal da UJS"},"content":{"rendered":"<p>A Uni\u00e3o da Juventude Socialista promoveu neste s\u00e1bado, dia 12, uma importante mobiliza\u00e7\u00e3o da classe estudantil com a realiza\u00e7\u00e3o do 1\u00ba CONGRESSO MUNICIPAL DA UJS SUM\u00c9.<\/p>\n<p>O evento foi promovido na C\u00e2mara Municipal oportunizando um espa\u00e7o de debate e reflex\u00e3o sobre v\u00e1rios temas ligados \u00e0s bandeiras de luta da classe estudantil.<\/p>\n<p>O evento come\u00e7ou \u00e0s 18 horas e \u00e9 aberto para toda popula\u00e7\u00e3o sumeense e tamb\u00e9m estudantes de toda a regi\u00e3o.<\/p>\n<p><a href=\"http:\/\/caririemacao.com\/1\/?attachment_id=50924\" rel=\"attachment wp-att-50924\"><img fetchpriority=\"high\" decoding=\"async\" class=\"aligncenter size-full wp-image-50924\" src=\"http:\/\/caririemacao.com\/1\/wp-content\/uploads\/2018\/05\/DSC_0385.jpg\" alt=\"\" width=\"1000\" height=\"667\" srcset=\"https:\/\/www.caririemacao.com\/1\/wp-content\/uploads\/2018\/05\/DSC_0385.jpg 1000w, https:\/\/www.caririemacao.com\/1\/wp-content\/uploads\/2018\/05\/DSC_0385-300x200.jpg 300w, https:\/\/www.caririemacao.com\/1\/wp-content\/uploads\/2018\/05\/DSC_0385-768x512.jpg 768w\" sizes=\"(max-width: 1000px) 100vw, 1000px\" \/><\/a><\/p>\n<p>Segundo o coordenador da UJS Sum\u00e9, Igor Sousa, o evento contou com a presen\u00e7a do representante da UJS Para\u00edba, Andr\u00e9, de v\u00e1rias lideran\u00e7as locais e regionais ligados ao movimento estudantil.<\/p>\n<p><a href=\"https:\/\/www.facebook.com\/pg\/CaririEmAcao\/photos\/?tab=album&amp;album_id=1240965612706126\">VEJA MAIS FOTOS CLICANDO NESTE LINK.<\/a><\/p>\n<p><strong>CARIRI EM A\u00c7\u00c3O<\/strong><\/p>\n<p><strong>Leia mais not\u00edcias em\u00a0<\/strong><a href=\"http:\/\/www.caririemacao.com\/\"><strong>caririemacao.com<\/strong><\/a><strong>, siga nossa p\u00e1gina no\u00a0<\/strong><a href=\"https:\/\/www.facebook.com\/CaririEmAcao\/?ref=aymt_homepage_panel\"><strong>Facebook<\/strong><\/a>,<strong>\u00a0<\/strong><a href=\"https:\/\/www.instagram.com\/cariri_em_acao\/?hl=pt-br\"><strong>Instagram<\/strong><\/a><strong>\u00a0e\u00a0<\/strong><a href=\"https:\/\/www.youtube.com\/channel\/UCAptA0jQuYQy8vMhLt2m4qg\"><strong>Youtube<\/strong><\/a><strong>\u00a0e veja nossas mat\u00e9rias, v\u00eddeos e fotos. Voc\u00ea tamb\u00e9m pode enviar informa\u00e7\u00f5es \u00e0 Reda\u00e7\u00e3o do Portal Cariri em A\u00e7\u00e3o pelo WhatsApp (83) 9 9634.5791, (83) 9 9601-1162.<\/strong><\/p>\n","protected":false},"excerpt":{"rendered":"<p>A Uni\u00e3o da Juventude Socialista promoveu neste s\u00e1bado, dia 12, uma importante mobiliza\u00e7\u00e3o da classe estudantil com a realiza\u00e7\u00e3o do 1\u00ba CONGRESSO MUNICIPAL DA UJS&hellip; <\/p>\n","protected":false},"author":2,"featured_media":50923,"comment_status":"closed","ping_status":"closed","sticky":false,"template":"","format":"standard","meta":{"sfsi_plus_gutenberg_text_before_share":"","sfsi_plus_gutenberg_show_text_before_share":"","sfsi_plus_gutenberg_icon_type":"","sfsi_plus_gutenberg_icon_alignemt":"","sfsi_plus_gutenburg_max_per_row":"","footnotes":""},"categories":[2],"tags":[],"class_list":["post-50922","post","type-post","status-publish","format-standard","has-post-thumbnail","hentry","category-geral"],"_links":{"self":[{"href":"https:\/\/www.caririemacao.com\/1\/wp-json\/wp\/v2\/posts\/50922","targetHints":{"allow":["GET"]}}],"collection":[{"href":"https:\/\/www.caririemacao.com\/1\/wp-json\/wp\/v2\/posts"}],"about":[{"href":"https:\/\/www.caririemacao.com\/1\/wp-json\/wp\/v2\/types\/post"}],"author":[{"embeddable":true,"href":"https:\/\/www.caririemacao.com\/1\/wp-json\/wp\/v2\/users\/2"}],"replies":[{"embeddable":true,"href":"https:\/\/www.caririemacao.com\/1\/wp-json\/wp\/v2\/comments?post=50922"}],"version-history":[{"count":0,"href":"https:\/\/www.caririemacao.com\/1\/wp-json\/wp\/v2\/posts\/50922\/revisions"}],"wp:featuredmedia":[{"embeddable":true,"href":"https:\/\/www.caririemacao.com\/1\/wp-json\/wp\/v2\/media\/50923"}],"wp:attachment":[{"href":"https:\/\/www.caririemacao.com\/1\/wp-json\/wp\/v2\/media?parent=50922"}],"wp:term":[{"taxonomy":"category","embeddable":true,"href":"https:\/\/www.caririemacao.com\/1\/wp-json\/wp\/v2\/categories?post=50922"},{"taxonomy":"post_tag","embeddable":true,"href":"https:\/\/www.caririemacao.com\/1\/wp-json\/wp\/v2\/tags?post=50922"}],"curies":[{"name":"wp","href":"https:\/\/api.w.org\/{rel}","templated":true}]}}