{"id":50930,"date":"2018-05-13T15:54:36","date_gmt":"2018-05-13T18:54:36","guid":{"rendered":"http:\/\/caririemacao.com\/1\/?p=50930"},"modified":"2018-05-13T15:56:06","modified_gmt":"2018-05-13T18:56:06","slug":"prefeito-lamenta-morte-de-romulo-gouveia-e-decreta-luto-oficial-em-amparo","status":"publish","type":"post","link":"https:\/\/www.caririemacao.com\/1\/2018\/05\/13\/prefeito-lamenta-morte-de-romulo-gouveia-e-decreta-luto-oficial-em-amparo\/","title":{"rendered":"Prefeito lamenta morte de R\u00f4mulo Gouveia e decreta Luto oficial em Amparo"},"content":{"rendered":"<p>O prefeito de Amparo, In\u00e1cio N\u00f3brega, lamentou profundamente a morte do deputado federal, R\u00f4mulo Gouveia, e em reconhecimento ao seu trabalho e dedica\u00e7\u00e3o ao povo amparense decretou Luto Oficial por tr\u00eas dias.<\/p>\n<p>In\u00e1cio disse ainda em nota de pesar que o deputado federal R\u00f4mulo Gouveia sempre foi um paraibano que pensava grande e na uni\u00e3o dos paraibanos.<\/p>\n<p><strong>Veja a nota:<\/strong><\/p>\n<p><strong><em>\u00c9 com imenso pesar que recebemos a not\u00edcia da morte, na madrugada deste domingo (13), do deputado federal R\u00f4mulo Gouveia.<\/em><\/strong><\/p>\n<p><strong><em>A prematura morte de R\u00f4mulo Gouveia nos deixa um grande vazio na cidade de Amparo e em todo estado, pois ele atuava como ningu\u00e9m na defesa dos verdadeiros interesses do nosso estado e de Amparo, sempre recebi uma aten\u00e7\u00e3o especial por parte de R\u00f4mulo todas \u00e0s vezes que estive em Bras\u00edlia.<\/em><\/strong><\/p>\n<p><strong><em>O deputado R\u00f4mulo sempre foi um pol\u00edtico leal em defesa do povo paraibano, e por reconhecimento, a Prefeitura de Amparo decreta luto oficial de tr\u00eas dias.<\/em><\/strong><\/p>\n<p><strong><em>Neste momento de dor, nos solidarizamos com Eva Gouveia, seus filhos, familiares e a grande legi\u00e3o de amigos que ele conquistou na sua importante vida p\u00fablica.<\/em><\/strong><\/p>\n<p><strong><em>In\u00e1cio N\u00f3brega<\/em><\/strong><\/p>\n<p><strong><em>Prefeito de Amparo<\/em><\/strong><\/p>\n<p><strong>CARIRI EM A\u00c7\u00c3O<\/strong><\/p>\n<p>Foto: Amparo Ligado<\/p>\n<p><strong>Leia mais not\u00edcias em\u00a0<\/strong><a href=\"http:\/\/www.caririemacao.com\/\"><strong>caririemacao.com<\/strong><\/a><strong>, siga nossa p\u00e1gina no\u00a0<\/strong><a href=\"https:\/\/www.facebook.com\/CaririEmAcao\/?ref=aymt_homepage_panel\"><strong>Facebook<\/strong><\/a>,<strong>\u00a0<\/strong><a href=\"https:\/\/www.instagram.com\/cariri_em_acao\/?hl=pt-br\"><strong>Instagram<\/strong><\/a><strong>\u00a0e\u00a0<\/strong><a href=\"https:\/\/www.youtube.com\/channel\/UCAptA0jQuYQy8vMhLt2m4qg\"><strong>Youtube<\/strong><\/a><strong>\u00a0e veja nossas mat\u00e9rias, v\u00eddeos e fotos. Voc\u00ea tamb\u00e9m pode enviar informa\u00e7\u00f5es \u00e0 Reda\u00e7\u00e3o do Portal Cariri em A\u00e7\u00e3o pelo WhatsApp (83) 9 9634.5791, (83) 9 9601-1162.<\/strong><\/p>\n","protected":false},"excerpt":{"rendered":"<p>O prefeito de Amparo, In\u00e1cio N\u00f3brega, lamentou profundamente a morte do deputado federal, R\u00f4mulo Gouveia, e em reconhecimento ao seu trabalho e dedica\u00e7\u00e3o ao povo&hellip; <\/p>\n","protected":false},"author":2,"featured_media":50931,"comment_status":"closed","ping_status":"closed","sticky":false,"template":"","format":"standard","meta":{"sfsi_plus_gutenberg_text_before_share":"","sfsi_plus_gutenberg_show_text_before_share":"","sfsi_plus_gutenberg_icon_type":"","sfsi_plus_gutenberg_icon_alignemt":"","sfsi_plus_gutenburg_max_per_row":"","footnotes":""},"categories":[11],"tags":[],"class_list":["post-50930","post","type-post","status-publish","format-standard","has-post-thumbnail","hentry","category-politica"],"_links":{"self":[{"href":"https:\/\/www.caririemacao.com\/1\/wp-json\/wp\/v2\/posts\/50930","targetHints":{"allow":["GET"]}}],"collection":[{"href":"https:\/\/www.caririemacao.com\/1\/wp-json\/wp\/v2\/posts"}],"about":[{"href":"https:\/\/www.caririemacao.com\/1\/wp-json\/wp\/v2\/types\/post"}],"author":[{"embeddable":true,"href":"https:\/\/www.caririemacao.com\/1\/wp-json\/wp\/v2\/users\/2"}],"replies":[{"embeddable":true,"href":"https:\/\/www.caririemacao.com\/1\/wp-json\/wp\/v2\/comments?post=50930"}],"version-history":[{"count":0,"href":"https:\/\/www.caririemacao.com\/1\/wp-json\/wp\/v2\/posts\/50930\/revisions"}],"wp:featuredmedia":[{"embeddable":true,"href":"https:\/\/www.caririemacao.com\/1\/wp-json\/wp\/v2\/media\/50931"}],"wp:attachment":[{"href":"https:\/\/www.caririemacao.com\/1\/wp-json\/wp\/v2\/media?parent=50930"}],"wp:term":[{"taxonomy":"category","embeddable":true,"href":"https:\/\/www.caririemacao.com\/1\/wp-json\/wp\/v2\/categories?post=50930"},{"taxonomy":"post_tag","embeddable":true,"href":"https:\/\/www.caririemacao.com\/1\/wp-json\/wp\/v2\/tags?post=50930"}],"curies":[{"name":"wp","href":"https:\/\/api.w.org\/{rel}","templated":true}]}}