{"id":50935,"date":"2018-05-13T16:02:11","date_gmt":"2018-05-13T19:02:11","guid":{"rendered":"http:\/\/caririemacao.com\/1\/?p=50935"},"modified":"2018-05-13T16:03:02","modified_gmt":"2018-05-13T19:03:02","slug":"jussie-disse-que-amparo-perdeu-um-grande-deputado","status":"publish","type":"post","link":"https:\/\/www.caririemacao.com\/1\/2018\/05\/13\/jussie-disse-que-amparo-perdeu-um-grande-deputado\/","title":{"rendered":"Jussi\u00ea disse que Amparo perdeu um grande deputado"},"content":{"rendered":"<p>O secret\u00e1rio de sa\u00fade de Amparo, Jussi\u00ea Lacerda, ao tomar conhecimento do falecimento do Deputado Federal R\u00f4mulo Gouveia, ocorrido na madrugada deste domingo (13), lamentou a morte do parlamentar e ressaltou a import\u00e2ncia de R\u00f4mulo para o munic\u00edpio de Amparo.<\/p>\n<p>Jussi\u00ea lembrou que R\u00f4mulo Gouveia foi o pol\u00edtico humilde e amigo, destinando v\u00e1rios recursos para desenvolvimento de Amparo.<\/p>\n<p>\u201cAo saber da triste not\u00edcia do falecimento do Deputado R\u00f4mulo Gouveia, o sentimento foi de tristeza profunda e lamenta\u00e7\u00e3o pela partida de algu\u00e9m t\u00e3o presente e comprometido com o crescimento de Amparo\u201d, comentou.<\/p>\n<p><strong>CARIRI EM A\u00c7\u00c3O<\/strong><\/p>\n<p>Foto: Amparo Ligado<\/p>\n<p><strong>Leia mais not\u00edcias em\u00a0<\/strong><a href=\"http:\/\/www.caririemacao.com\/\"><strong>caririemacao.com<\/strong><\/a><strong>, siga nossa p\u00e1gina no\u00a0<\/strong><a href=\"https:\/\/www.facebook.com\/CaririEmAcao\/?ref=aymt_homepage_panel\"><strong>Facebook<\/strong><\/a>,<strong>\u00a0<\/strong><a href=\"https:\/\/www.instagram.com\/cariri_em_acao\/?hl=pt-br\"><strong>Instagram<\/strong><\/a><strong>\u00a0e\u00a0<\/strong><a href=\"https:\/\/www.youtube.com\/channel\/UCAptA0jQuYQy8vMhLt2m4qg\"><strong>Youtube<\/strong><\/a><strong>\u00a0e veja nossas mat\u00e9rias, v\u00eddeos e fotos. Voc\u00ea tamb\u00e9m pode enviar informa\u00e7\u00f5es \u00e0 Reda\u00e7\u00e3o do Portal Cariri em A\u00e7\u00e3o pelo WhatsApp (83) 9 9634.5791, (83) 9 9601-1162.<\/strong><\/p>\n","protected":false},"excerpt":{"rendered":"<p>O secret\u00e1rio de sa\u00fade de Amparo, Jussi\u00ea Lacerda, ao tomar conhecimento do falecimento do Deputado Federal R\u00f4mulo Gouveia, ocorrido na madrugada deste domingo (13), lamentou&hellip; <\/p>\n","protected":false},"author":2,"featured_media":50936,"comment_status":"closed","ping_status":"closed","sticky":false,"template":"","format":"standard","meta":{"sfsi_plus_gutenberg_text_before_share":"","sfsi_plus_gutenberg_show_text_before_share":"","sfsi_plus_gutenberg_icon_type":"","sfsi_plus_gutenberg_icon_alignemt":"","sfsi_plus_gutenburg_max_per_row":"","footnotes":""},"categories":[6],"tags":[],"class_list":["post-50935","post","type-post","status-publish","format-standard","has-post-thumbnail","hentry","category-cidades"],"_links":{"self":[{"href":"https:\/\/www.caririemacao.com\/1\/wp-json\/wp\/v2\/posts\/50935","targetHints":{"allow":["GET"]}}],"collection":[{"href":"https:\/\/www.caririemacao.com\/1\/wp-json\/wp\/v2\/posts"}],"about":[{"href":"https:\/\/www.caririemacao.com\/1\/wp-json\/wp\/v2\/types\/post"}],"author":[{"embeddable":true,"href":"https:\/\/www.caririemacao.com\/1\/wp-json\/wp\/v2\/users\/2"}],"replies":[{"embeddable":true,"href":"https:\/\/www.caririemacao.com\/1\/wp-json\/wp\/v2\/comments?post=50935"}],"version-history":[{"count":0,"href":"https:\/\/www.caririemacao.com\/1\/wp-json\/wp\/v2\/posts\/50935\/revisions"}],"wp:featuredmedia":[{"embeddable":true,"href":"https:\/\/www.caririemacao.com\/1\/wp-json\/wp\/v2\/media\/50936"}],"wp:attachment":[{"href":"https:\/\/www.caririemacao.com\/1\/wp-json\/wp\/v2\/media?parent=50935"}],"wp:term":[{"taxonomy":"category","embeddable":true,"href":"https:\/\/www.caririemacao.com\/1\/wp-json\/wp\/v2\/categories?post=50935"},{"taxonomy":"post_tag","embeddable":true,"href":"https:\/\/www.caririemacao.com\/1\/wp-json\/wp\/v2\/tags?post=50935"}],"curies":[{"name":"wp","href":"https:\/\/api.w.org\/{rel}","templated":true}]}}