{"id":50955,"date":"2018-05-14T00:31:09","date_gmt":"2018-05-14T03:31:09","guid":{"rendered":"http:\/\/caririemacao.com\/1\/?p=50955"},"modified":"2018-05-14T00:31:09","modified_gmt":"2018-05-14T03:31:09","slug":"prefeito-ronaldo-queiroz-decreta-luto-de-3-dias-em-gurjao-pelo-falecimento-de-romulo-gouveia","status":"publish","type":"post","link":"https:\/\/www.caririemacao.com\/1\/2018\/05\/14\/prefeito-ronaldo-queiroz-decreta-luto-de-3-dias-em-gurjao-pelo-falecimento-de-romulo-gouveia\/","title":{"rendered":"Prefeito Ronaldo Queiroz decreta luto de 3 dias em Gurj\u00e3o pelo falecimento de R\u00f4mulo Gouveia"},"content":{"rendered":"<p>O prefeito de Gurj\u00e3o, Ronaldo Queiroz, decretou, neste domingo (13), luto oficial de tr\u00eas dias pelo falecimento do deputado federal R\u00f4mulo Gouveia, que sofreu um infarto fulminante na manh\u00e3 de hoje em Campina Grande.<\/p>\n<p>Em nota, o gestor ressaltou a trajet\u00f3ria do deputado, que \u201csabia como poucos unir trabalho e compromisso com as pessoas\u201d.<\/p>\n<p>Ronaldo tamb\u00e9m mencionou que a \u201cPara\u00edba amanheceu de luto\u201d e que o \u201cfalecimento prematuro do deputado federal R\u00f4mulo Gouveia deixa uma grande lacuna na representa\u00e7\u00e3o do nosso estado em todo pa\u00eds\u201d. Junto ao deputado, o prefeito mencionou ter participado de in\u00fameras reuni\u00f5es e militado em diversas elei\u00e7\u00f5es.<\/p>\n<p><strong>Nota de pesar:<\/strong><\/p>\n<p>Neste domingo, a Para\u00edba amanheceu de luto. O falecimento prematuro do deputado federal R\u00f4mulo Gouveia deixa uma grande lacuna na representa\u00e7\u00e3o do nosso estado em todo pa\u00eds.<br \/>\nR\u00f4mulo sabia como poucos unir trabalho e compromisso com as pessoas, como verdadeiro defensor dos interesses do nosso Ao lado dele, estive in\u00fameras vezes militando sempre na pol\u00edtica\u201d.<\/p>\n<p>Em todas as fun\u00e7\u00f5es que ocupou, R\u00f4mulo soube ser amigo, companheiro e, acima de tudo, um guerreiro das boas causas. Nesse momento de profundo pesar, e como uma justa homenagem ao seu legado, a Prefeitura de Gurj\u00e3o decreta luto oficial de tr\u00eas dias.<\/p>\n<p>Ao lado de todos que fazem a gest\u00e3o amor de cidade, me solidarizo com Eva Gouveia, filhos, familiares e tantos amigos que o deputado soube construir durante toda a sua vida p\u00fablica. Que Deus ilumine e conforte a todos.<\/p>\n<p><strong>CARIRI EM A\u00c7\u00c3O<\/strong><\/p>\n<p>Ascom<\/p>\n<p>Leia mais not\u00edcias em\u00a0<a href=\"http:\/\/www.caririemacao.com\/\">caririemacao.com<\/a>, siga nossa p\u00e1gina no\u00a0<a href=\"https:\/\/www.facebook.com\/CaririEmAcao\/?ref=aymt_homepage_panel\">Facebook<\/a>,\u00a0<a href=\"https:\/\/www.instagram.com\/cariri_em_acao\/?hl=pt-br\">Instagram<\/a>\u00a0e\u00a0<a href=\"https:\/\/www.youtube.com\/channel\/UCAptA0jQuYQy8vMhLt2m4qg\">Youtube<\/a>\u00a0e veja nossas mat\u00e9rias, v\u00eddeos e fotos. Voc\u00ea tamb\u00e9m pode enviar informa\u00e7\u00f5es \u00e0 Reda\u00e7\u00e3o do Portal Cariri em A\u00e7\u00e3o pelo WhatsApp (83) 9 9634.5791, (83) 9 9601-1162.<\/p>\n","protected":false},"excerpt":{"rendered":"<p>O prefeito de Gurj\u00e3o, Ronaldo Queiroz, decretou, neste domingo (13), luto oficial de tr\u00eas dias pelo falecimento do deputado federal R\u00f4mulo Gouveia, que sofreu um&hellip; <\/p>\n","protected":false},"author":2,"featured_media":50956,"comment_status":"closed","ping_status":"closed","sticky":false,"template":"","format":"standard","meta":{"sfsi_plus_gutenberg_text_before_share":"","sfsi_plus_gutenberg_show_text_before_share":"","sfsi_plus_gutenberg_icon_type":"","sfsi_plus_gutenberg_icon_alignemt":"","sfsi_plus_gutenburg_max_per_row":"","footnotes":""},"categories":[11],"tags":[],"class_list":["post-50955","post","type-post","status-publish","format-standard","has-post-thumbnail","hentry","category-politica"],"_links":{"self":[{"href":"https:\/\/www.caririemacao.com\/1\/wp-json\/wp\/v2\/posts\/50955","targetHints":{"allow":["GET"]}}],"collection":[{"href":"https:\/\/www.caririemacao.com\/1\/wp-json\/wp\/v2\/posts"}],"about":[{"href":"https:\/\/www.caririemacao.com\/1\/wp-json\/wp\/v2\/types\/post"}],"author":[{"embeddable":true,"href":"https:\/\/www.caririemacao.com\/1\/wp-json\/wp\/v2\/users\/2"}],"replies":[{"embeddable":true,"href":"https:\/\/www.caririemacao.com\/1\/wp-json\/wp\/v2\/comments?post=50955"}],"version-history":[{"count":0,"href":"https:\/\/www.caririemacao.com\/1\/wp-json\/wp\/v2\/posts\/50955\/revisions"}],"wp:featuredmedia":[{"embeddable":true,"href":"https:\/\/www.caririemacao.com\/1\/wp-json\/wp\/v2\/media\/50956"}],"wp:attachment":[{"href":"https:\/\/www.caririemacao.com\/1\/wp-json\/wp\/v2\/media?parent=50955"}],"wp:term":[{"taxonomy":"category","embeddable":true,"href":"https:\/\/www.caririemacao.com\/1\/wp-json\/wp\/v2\/categories?post=50955"},{"taxonomy":"post_tag","embeddable":true,"href":"https:\/\/www.caririemacao.com\/1\/wp-json\/wp\/v2\/tags?post=50955"}],"curies":[{"name":"wp","href":"https:\/\/api.w.org\/{rel}","templated":true}]}}