{"id":50959,"date":"2018-05-14T07:59:46","date_gmt":"2018-05-14T10:59:46","guid":{"rendered":"http:\/\/caririemacao.com\/1\/?p=50959"},"modified":"2018-05-14T07:59:46","modified_gmt":"2018-05-14T10:59:46","slug":"prefeitura-de-sao-sebastiao-do-umbuzeiro-homenageia-maes-com-grande-festa","status":"publish","type":"post","link":"https:\/\/www.caririemacao.com\/1\/2018\/05\/14\/prefeitura-de-sao-sebastiao-do-umbuzeiro-homenageia-maes-com-grande-festa\/","title":{"rendered":"Prefeitura de S\u00e3o Sebasti\u00e3o do Umbuzeiro homenageia m\u00e3es com grande festa"},"content":{"rendered":"<p>A Prefeitura Municipal de S\u00e3o Sebasti\u00e3o do Umbuzeiro, atrav\u00e9s do prefeito Adriano Wolff, e em parceria com a Secretaria de Assist\u00eancia Social, realizou neste s\u00e1bado, 12, uma grande festa em homenagem as m\u00e3es umbuzeirenses. A festa aconteceu na Pra\u00e7a de Eventos, e contou com a presen\u00e7a de centenas de m\u00e3es.<\/p>\n<p>Durante o evento, houve apresenta\u00e7\u00f5es do grupo de Bal\u00e9 e do Grupo Flauta Doce do Servi\u00e7o de Conviv\u00eancia de fortalecimento de V\u00ednculos de S\u00e3o Sebasti\u00e3o do Umbuzeiro.<\/p>\n<p>Ainda foi realizada brincadeiras com as m\u00e3es, sorteios, bingo, distribui\u00e7\u00e3o de brindes e lanches para as m\u00e3es e todas as pessoas presentes.<\/p>\n<p>O prefeito Adriano Wolff agradeceu a presen\u00e7a das m\u00e3es, em seu discurso, parabenizou todas as m\u00e3es Umbuzeirenses, e lembrou a import\u00e2ncia do amor de m\u00e3e. Adriano ainda ressaltou que desde o in\u00edcio de sua gest\u00e3o, sempre antecipou a festa das m\u00e3es para o s\u00e1bado, para que no domingo, todos aproveitem esse dia especial com suas fam\u00edlias.<\/p>\n<p>Al\u00e9m de total apoio da prefeitura municipal e do prefeito Adriano, a festa contou tamb\u00e9m com o apoio do vice-prefeito Chico Mariano, da primeira-dama Melina Morena, dos vereadores de situa\u00e7\u00e3o e secret\u00e1rios municipais.<\/p>\n<p>A festa ainda contou com shows musicais das bandas Bonde dos Plays e Joelson Rodrigues.<\/p>\n<p><strong>CARIRI EM A\u00c7\u00c3O<\/strong><\/p>\n<p><em>Com Blog do Didi\/Foto:\u00a0Blog do Didi<\/em><\/p>\n<p><strong>Leia mais not\u00edcias em\u00a0<\/strong><a href=\"http:\/\/www.caririemacao.com\/\"><strong>caririemacao.com<\/strong><\/a><strong>, siga nossa p\u00e1gina no\u00a0<\/strong><a href=\"https:\/\/www.facebook.com\/CaririEmAcao\/?ref=aymt_homepage_panel\"><strong>Facebook<\/strong><\/a>,<strong>\u00a0<\/strong><a href=\"https:\/\/www.instagram.com\/cariri_em_acao\/?hl=pt-br\"><strong>Instagram<\/strong><\/a><strong>\u00a0e\u00a0<\/strong><a href=\"https:\/\/www.youtube.com\/channel\/UCAptA0jQuYQy8vMhLt2m4qg\"><strong>Youtube<\/strong><\/a><strong>\u00a0e veja nossas mat\u00e9rias, v\u00eddeos e fotos. Voc\u00ea tamb\u00e9m pode enviar informa\u00e7\u00f5es \u00e0 Reda\u00e7\u00e3o do Portal Cariri em A\u00e7\u00e3o pelo WhatsApp (83) 9 9634.5791, (83) 9 9601-1162.<\/strong><\/p>\n","protected":false},"excerpt":{"rendered":"<p>A Prefeitura Municipal de S\u00e3o Sebasti\u00e3o do Umbuzeiro, atrav\u00e9s do prefeito Adriano Wolff, e em parceria com a Secretaria de Assist\u00eancia Social, realizou neste s\u00e1bado,&hellip; <\/p>\n","protected":false},"author":2,"featured_media":50960,"comment_status":"closed","ping_status":"closed","sticky":false,"template":"","format":"standard","meta":{"sfsi_plus_gutenberg_text_before_share":"","sfsi_plus_gutenberg_show_text_before_share":"","sfsi_plus_gutenberg_icon_type":"","sfsi_plus_gutenberg_icon_alignemt":"","sfsi_plus_gutenburg_max_per_row":"","footnotes":""},"categories":[6],"tags":[],"class_list":["post-50959","post","type-post","status-publish","format-standard","has-post-thumbnail","hentry","category-cidades"],"_links":{"self":[{"href":"https:\/\/www.caririemacao.com\/1\/wp-json\/wp\/v2\/posts\/50959","targetHints":{"allow":["GET"]}}],"collection":[{"href":"https:\/\/www.caririemacao.com\/1\/wp-json\/wp\/v2\/posts"}],"about":[{"href":"https:\/\/www.caririemacao.com\/1\/wp-json\/wp\/v2\/types\/post"}],"author":[{"embeddable":true,"href":"https:\/\/www.caririemacao.com\/1\/wp-json\/wp\/v2\/users\/2"}],"replies":[{"embeddable":true,"href":"https:\/\/www.caririemacao.com\/1\/wp-json\/wp\/v2\/comments?post=50959"}],"version-history":[{"count":0,"href":"https:\/\/www.caririemacao.com\/1\/wp-json\/wp\/v2\/posts\/50959\/revisions"}],"wp:featuredmedia":[{"embeddable":true,"href":"https:\/\/www.caririemacao.com\/1\/wp-json\/wp\/v2\/media\/50960"}],"wp:attachment":[{"href":"https:\/\/www.caririemacao.com\/1\/wp-json\/wp\/v2\/media?parent=50959"}],"wp:term":[{"taxonomy":"category","embeddable":true,"href":"https:\/\/www.caririemacao.com\/1\/wp-json\/wp\/v2\/categories?post=50959"},{"taxonomy":"post_tag","embeddable":true,"href":"https:\/\/www.caririemacao.com\/1\/wp-json\/wp\/v2\/tags?post=50959"}],"curies":[{"name":"wp","href":"https:\/\/api.w.org\/{rel}","templated":true}]}}