{"id":50962,"date":"2018-05-14T08:06:20","date_gmt":"2018-05-14T11:06:20","guid":{"rendered":"http:\/\/caririemacao.com\/1\/?p=50962"},"modified":"2018-05-14T08:06:20","modified_gmt":"2018-05-14T11:06:20","slug":"em-velorio-ricardo-elogia-romulo-e-diz-que-mantinha-relacao-cordial-com-ex-vice-governador","status":"publish","type":"post","link":"https:\/\/www.caririemacao.com\/1\/2018\/05\/14\/em-velorio-ricardo-elogia-romulo-e-diz-que-mantinha-relacao-cordial-com-ex-vice-governador\/","title":{"rendered":"Em vel\u00f3rio, Ricardo elogia R\u00f4mulo e diz que mantinha rela\u00e7\u00e3o cordial com ex-vice-governador"},"content":{"rendered":"<p>Esque\u00e7a a imagem do rompimento e as consequ\u00eancias dele. O governador Ricardo Coutinho (PSB) compareceu ao vel\u00f3rio do deputado federal R\u00f4mulo Gouveia (PSD), neste domingo (13), em Campina Grande. Durante entrevista, sem disfar\u00e7ar a voz embargada, lembrou o per\u00edodo de alinhamento com o parlamentar. Ele lembrou que o pessedista foi deputado federal, deputado estadual e vice-governador. Apesar do rompimento ruidoso, com troca de acusa\u00e7\u00f5es, o gestor lembra que os dois mantinham boa rela\u00e7\u00e3o. Ele diz que na \u00faltima quarta-feira (9), ao saber do internamento, ligou para R\u00f4mulo para saber do estado de sa\u00fade dele. Foi tranquilizado pelo pr\u00f3prio deputado, falecido durante a madrugada.<\/p>\n<p>\u201cR\u00f4mulo Gouveia foi vice-governador, deputado federal, deputado estadual, inclusive nas legislaturas que eu participei. Eu, inclusive, votei nele para presidente da Casa.\u00a0E t\u00ednhamos uma rela\u00e7\u00e3o cordial, apesar de extremamente discreta. T\u00ednhamos contato frequente. Quarta-feira conversamos. Ao saber que ele estava internado, liguei para ele. E recebi dele uma certa tranquiliza\u00e7\u00e3o em rela\u00e7\u00e3o ao seu quadro de sa\u00fade, mas que infelizmente evoluiu para esta surpresa inimagin\u00e1vel que \u00e9 algu\u00e9m perder a vida aos 53 anos.\u00a0E eu, hoje, logo que soube, conversei com Eva (Gouveia), abra\u00e7ando-a\u201d, disse o governador paraibano, que decretou Luto Oficial por tr\u00eas dias.<\/p>\n<p>O distanciamento hist\u00f3rico, relatado no depoimento, mostra que a m\u00e1goa revelada ap\u00f3s o rompimento foi superada. Em 2014, depois de entender que n\u00e3o teria espa\u00e7o para trabalhar uma candidatura para o Senado, R\u00f4mulo rompeu a alian\u00e7a com o PSB de Ricardo Coutinho. Na \u00e9poca, o governador chegou a exonerar todos os cargos de indica\u00e7\u00e3o do ent\u00e3o vice-governador. A medida, no entanto, foi tornada sem efeito por decis\u00e3o judicial. De R\u00f4mulo, neste domingo, Ricardo ressaltou a caracter\u00edstica af\u00e1vel e o parlamentar habilidoso. O enterro do deputado federal vai acontecer nesta segunda-feira, \u00e0s 16h, no Cemit\u00e9rio do Campo Santo da Paz. R\u00f4mulo morreu v\u00edtima de um infarto fulminante horas depois de receber alta m\u00e9dica. Ele estava internado havia uma semana em decorr\u00eancia de uma infec\u00e7\u00e3o urin\u00e1ria.<\/p>\n<p><strong>Presidenci\u00e1vel<\/strong><\/p>\n<p>O presidente da C\u00e2mara dos Deputados e pr\u00e9-candidato \u00e0 Presid\u00eancia da Rep\u00fablica, Rodrigo Maia (DEM), esteve entre as lideran\u00e7as que compareceram ao vel\u00f3rio de R\u00f4mulo Gouveia.\u00a0\u201cAmigo de todos, querido por todos, uma grande perda para a pol\u00edtica\u201d, disse o parlamentar, que participou de uma roda de ora\u00e7\u00f5es em torno do corpo do deputado paraibano. \u201cQuando recebi a mensagem no telefone, foi muito impactante\u201d, acrescentou, ressaltando que precisava, com isso, participar do adeus ao parlamentar. R\u00f4mulo era o quarto secret\u00e1rio na C\u00e2mara dos Deputados.<\/p>\n<p><strong>CARIRI EM A\u00c7\u00c3O<\/strong><\/p>\n<p><em>Com Blog do Suetoni<\/em><em>\/Foto: Blog do Suetoni<\/em><\/p>\n<p><strong>Leia mais not\u00edcias em\u00a0<\/strong><a href=\"http:\/\/www.caririemacao.com\/\"><strong>caririemacao.com<\/strong><\/a><strong>, siga nossa p\u00e1gina no\u00a0<\/strong><a href=\"https:\/\/www.facebook.com\/CaririEmAcao\/?ref=aymt_homepage_panel\"><strong>Facebook<\/strong><\/a>,<strong>\u00a0<\/strong><a href=\"https:\/\/www.instagram.com\/cariri_em_acao\/?hl=pt-br\"><strong>Instagram<\/strong><\/a><strong>\u00a0e\u00a0<\/strong><a href=\"https:\/\/www.youtube.com\/channel\/UCAptA0jQuYQy8vMhLt2m4qg\"><strong>Youtube<\/strong><\/a><strong>\u00a0e veja nossas mat\u00e9rias, v\u00eddeos e fotos. Voc\u00ea tamb\u00e9m pode enviar informa\u00e7\u00f5es \u00e0 Reda\u00e7\u00e3o do Portal Cariri em A\u00e7\u00e3o pelo WhatsApp (83) 9 9634.5791, (83) 9 9601-1162.<\/strong><\/p>\n","protected":false},"excerpt":{"rendered":"<p>Esque\u00e7a a imagem do rompimento e as consequ\u00eancias dele. O governador Ricardo Coutinho (PSB) compareceu ao vel\u00f3rio do deputado federal R\u00f4mulo Gouveia (PSD), neste domingo&hellip; <\/p>\n","protected":false},"author":2,"featured_media":50900,"comment_status":"closed","ping_status":"closed","sticky":false,"template":"","format":"standard","meta":{"sfsi_plus_gutenberg_text_before_share":"","sfsi_plus_gutenberg_show_text_before_share":"","sfsi_plus_gutenberg_icon_type":"","sfsi_plus_gutenberg_icon_alignemt":"","sfsi_plus_gutenburg_max_per_row":"","footnotes":""},"categories":[11],"tags":[],"class_list":["post-50962","post","type-post","status-publish","format-standard","has-post-thumbnail","hentry","category-politica"],"_links":{"self":[{"href":"https:\/\/www.caririemacao.com\/1\/wp-json\/wp\/v2\/posts\/50962","targetHints":{"allow":["GET"]}}],"collection":[{"href":"https:\/\/www.caririemacao.com\/1\/wp-json\/wp\/v2\/posts"}],"about":[{"href":"https:\/\/www.caririemacao.com\/1\/wp-json\/wp\/v2\/types\/post"}],"author":[{"embeddable":true,"href":"https:\/\/www.caririemacao.com\/1\/wp-json\/wp\/v2\/users\/2"}],"replies":[{"embeddable":true,"href":"https:\/\/www.caririemacao.com\/1\/wp-json\/wp\/v2\/comments?post=50962"}],"version-history":[{"count":0,"href":"https:\/\/www.caririemacao.com\/1\/wp-json\/wp\/v2\/posts\/50962\/revisions"}],"wp:featuredmedia":[{"embeddable":true,"href":"https:\/\/www.caririemacao.com\/1\/wp-json\/wp\/v2\/media\/50900"}],"wp:attachment":[{"href":"https:\/\/www.caririemacao.com\/1\/wp-json\/wp\/v2\/media?parent=50962"}],"wp:term":[{"taxonomy":"category","embeddable":true,"href":"https:\/\/www.caririemacao.com\/1\/wp-json\/wp\/v2\/categories?post=50962"},{"taxonomy":"post_tag","embeddable":true,"href":"https:\/\/www.caririemacao.com\/1\/wp-json\/wp\/v2\/tags?post=50962"}],"curies":[{"name":"wp","href":"https:\/\/api.w.org\/{rel}","templated":true}]}}