{"id":50973,"date":"2018-05-14T08:22:40","date_gmt":"2018-05-14T11:22:40","guid":{"rendered":"http:\/\/caririemacao.com\/1\/?p=50973"},"modified":"2018-05-14T08:22:40","modified_gmt":"2018-05-14T11:22:40","slug":"tite-convoca-hoje-os-jogadores-que-disputarao-a-copa-da-russia","status":"publish","type":"post","link":"https:\/\/www.caririemacao.com\/1\/2018\/05\/14\/tite-convoca-hoje-os-jogadores-que-disputarao-a-copa-da-russia\/","title":{"rendered":"Tite convoca hoje os jogadores que disputar\u00e3o a Copa da R\u00fassia"},"content":{"rendered":"<p>A convoca\u00e7\u00e3o da sele\u00e7\u00e3o brasileira de futebol para a Copa do Mundo R\u00fassia 2018, prevista para esta segunda-feira (14), \u00e0s 14h, est\u00e1 carregada de expectativa em torno do nome escolhido pelo treinador Tite\u00a0(Adenor Leonardo Bacchi)\u00a0para o lugar de Daniel Alves. O lateral-direito da sele\u00e7\u00e3o foi cortado, ap\u00f3s avalia\u00e7\u00e3o da comiss\u00e3o m\u00e9dica, liderada pelo doutor Rodrigo Lasmar, que foi \u00e0 Fran\u00e7a a fim de verificar as condi\u00e7\u00f5es cl\u00ednicas do joelho direito do jogador.<\/p>\n<p>Daniel Alves sofreu uma contus\u00e3o no joelho durante a partida do Paris Saint-Germain contra o Les Herbiers, na final da Copa da Fran\u00e7a, no dia 8 de maio, em Paris, e dever\u00e1 passar por uma cirurgia, nas pr\u00f3ximas semanas. A sua recupera\u00e7\u00e3o, no entanto, levar\u00e1 v\u00e1rios meses, segundo os m\u00e9dicos, inviabilizando a sua participa\u00e7\u00e3o na Copa. O PSG venceu o jogo por 2\u00d70.<\/p>\n<p>Daniel falou pela primeira vez sobre a sua sa\u00edda da sele\u00e7\u00e3o, nesse s\u00e1bado (12). Ele usou as redes sociais para dizer que est\u00e1 \u201ccom a alma em paz\u201d e confia no grupo. \u201cConfio muito nesse grupo, que sempre d\u00e1 o melhor de si. Eu tenho certeza que vai dar tudo certo. J\u00e1 deu tudo certo. Vamos ficar na torcida\u201d, disse.<\/p>\n<p>Ao anunciar os nomes dos 23 convocados, Tite dever\u00e1 tamb\u00e9m falar sobre as condi\u00e7\u00f5es cl\u00ednicas de Fagner, jogador do Corinthians, atleta mais convocado pelo t\u00e9cnico para a reserva de Daniel Alves. Tamb\u00e9m na lista dos substitutos de Daniel est\u00e3o Danilo, jogador do clube ingl\u00eas Manchester City, e Rafinha, do\u00a0Bayern de Munique.<\/p>\n<p>Nesse domingo (13), o m\u00e9dico Rodrigo Lasmar esteve no centro de treinamento do Corinthians. Ele estava acompanhado do coordenador de sele\u00e7\u00f5es da Confedera\u00e7\u00e3o Brasileira de Futebol (CBF), Edu Gaspar, a fim de analisar a evolu\u00e7\u00e3o cl\u00ednica de F\u00e1gner.<\/p>\n<p>\u201cJunto ao m\u00e9dico do Corinthians, Joaquim Grava, e o fisioterapeuta do clube e da sele\u00e7\u00e3o, Caio Mello, foi constatada boa evolu\u00e7\u00e3o na recupera\u00e7\u00e3o da les\u00e3o do m\u00fasculo posterior da coxa direita. O atleta seguir\u00e1 em tratamento\u201d, diz a\u00a0nota divulgada pela CBF.<\/p>\n<p>\u201cAp\u00f3s a realiza\u00e7\u00e3o dos exames, Rodrigo e Edu entraram em contato com o t\u00e9cnico Tite passando a mensagem de que F\u00e1gner re\u00fane condi\u00e7\u00f5es de plena recupera\u00e7\u00e3o at\u00e9 a Copa do Mundo\u201d, acrescenta a nota.<\/p>\n<p>Pela programa\u00e7\u00e3o da CBF, depois de Tite divulgar hoje os nomes dos 23 jogadores convocados para a Copa do Mundo R\u00fassia 2018 e conceder entrevista \u00e0 imprensa, toda a comiss\u00e3o t\u00e9cnica da sele\u00e7\u00e3o brasileira estar\u00e1 dispon\u00edvel para falar com os jornalistas, na zona mista da sala onde foi feito o an\u00fancio dos selecionados.<\/p>\n<p>Os trabalhos de treinamento e avalia\u00e7\u00e3o f\u00edsica na Gran\u00e7a Comary, em Teres\u00f3polis, come\u00e7ar\u00e3o j\u00e1 na pr\u00f3xima semana, a partir do dia 21, quando os jogadores se apresentar\u00e3o e ser\u00e3o recebidos pela comiss\u00e3o t\u00e9cnica, que chega um dia antes.\u00a0O embarque para a Inglaterra est\u00e1 previsto 27 deste maio. \u201cAntes da ida para a R\u00fassia, o time do t\u00e9cnico Tite ainda enfrenta Cro\u00e1cia, no dia 3 de junho, em Liverpool, e a \u00c1ustria, no dia 10, em Viena.<\/p>\n<p><strong>Sochi<\/strong><\/p>\n<p>Na R\u00fassia, a sele\u00e7\u00e3o far\u00e1 sua prepara\u00e7\u00e3o final na cidade de Sochi, onde realizar\u00e1 os treinamentos e retornar\u00e1 ap\u00f3s as partidas. No local, ficar\u00e1 toda a estrutura para os jogadores e a comiss\u00e3o t\u00e9cnica.<\/p>\n<p>A primeira partida do Brasil ser\u00e1 dia 17, contra a Su\u00ed\u00e7a, o segundo confronto ser\u00e1 dia 22, contra a Costa Rica, e o \u00faltimo jogo da primeira fase, dia 27, ser\u00e1 contra a S\u00e9rvia.<\/p>\n<p>Caso o Brasil fique em primeiro lugar no Grupo E, enfrentar\u00e1, nas oitavas de final, dia 2 de julho, o segundo lugar do Grupo F, que tem Alemanha, Cor\u00e9ia do Sul, M\u00e9xico e Su\u00e9cia.<\/p>\n<p>A Copa do Mundo come\u00e7ar\u00e1 dia 14 de junho, com o jogo da R\u00fassia contra a Ar\u00e1bia Saudita, pelo Grupo A. A final ser\u00e1 dia 15 de julho, quando, se tudo der certo, o Brasil estar\u00e1 disputando o seu sexto t\u00edtulo mundial.<\/p>\n<p><strong>CARIRI EM A\u00c7\u00c3O<\/strong><\/p>\n<p><em>Com Istoo\u00e9<\/em><em>\/Foto: Reprodu\u00e7\u00e3o google<\/em><\/p>\n<p><strong>Leia mais not\u00edcias em\u00a0<\/strong><a href=\"http:\/\/www.caririemacao.com\/\"><strong>caririemacao.com<\/strong><\/a><strong>, siga nossa p\u00e1gina no\u00a0<\/strong><a href=\"https:\/\/www.facebook.com\/CaririEmAcao\/?ref=aymt_homepage_panel\"><strong>Facebook<\/strong><\/a>,<strong>\u00a0<\/strong><a href=\"https:\/\/www.instagram.com\/cariri_em_acao\/?hl=pt-br\"><strong>Instagram<\/strong><\/a><strong>\u00a0e\u00a0<\/strong><a href=\"https:\/\/www.youtube.com\/channel\/UCAptA0jQuYQy8vMhLt2m4qg\"><strong>Youtube<\/strong><\/a><strong>\u00a0e veja nossas mat\u00e9rias, v\u00eddeos e fotos. Voc\u00ea tamb\u00e9m pode enviar informa\u00e7\u00f5es \u00e0 Reda\u00e7\u00e3o do Portal Cariri em A\u00e7\u00e3o pelo WhatsApp (83) 9 9634.5791, (83) 9 9601-1162.<\/strong><\/p>\n","protected":false},"excerpt":{"rendered":"<p>A convoca\u00e7\u00e3o da sele\u00e7\u00e3o brasileira de futebol para a Copa do Mundo R\u00fassia 2018, prevista para esta segunda-feira (14), \u00e0s 14h, est\u00e1 carregada de expectativa&hellip; <\/p>\n","protected":false},"author":2,"featured_media":50974,"comment_status":"closed","ping_status":"closed","sticky":false,"template":"","format":"standard","meta":{"sfsi_plus_gutenberg_text_before_share":"","sfsi_plus_gutenberg_show_text_before_share":"","sfsi_plus_gutenberg_icon_type":"","sfsi_plus_gutenberg_icon_alignemt":"","sfsi_plus_gutenburg_max_per_row":"","footnotes":""},"categories":[13],"tags":[],"class_list":["post-50973","post","type-post","status-publish","format-standard","has-post-thumbnail","hentry","category-esportes"],"_links":{"self":[{"href":"https:\/\/www.caririemacao.com\/1\/wp-json\/wp\/v2\/posts\/50973","targetHints":{"allow":["GET"]}}],"collection":[{"href":"https:\/\/www.caririemacao.com\/1\/wp-json\/wp\/v2\/posts"}],"about":[{"href":"https:\/\/www.caririemacao.com\/1\/wp-json\/wp\/v2\/types\/post"}],"author":[{"embeddable":true,"href":"https:\/\/www.caririemacao.com\/1\/wp-json\/wp\/v2\/users\/2"}],"replies":[{"embeddable":true,"href":"https:\/\/www.caririemacao.com\/1\/wp-json\/wp\/v2\/comments?post=50973"}],"version-history":[{"count":0,"href":"https:\/\/www.caririemacao.com\/1\/wp-json\/wp\/v2\/posts\/50973\/revisions"}],"wp:featuredmedia":[{"embeddable":true,"href":"https:\/\/www.caririemacao.com\/1\/wp-json\/wp\/v2\/media\/50974"}],"wp:attachment":[{"href":"https:\/\/www.caririemacao.com\/1\/wp-json\/wp\/v2\/media?parent=50973"}],"wp:term":[{"taxonomy":"category","embeddable":true,"href":"https:\/\/www.caririemacao.com\/1\/wp-json\/wp\/v2\/categories?post=50973"},{"taxonomy":"post_tag","embeddable":true,"href":"https:\/\/www.caririemacao.com\/1\/wp-json\/wp\/v2\/tags?post=50973"}],"curies":[{"name":"wp","href":"https:\/\/api.w.org\/{rel}","templated":true}]}}