{"id":50985,"date":"2018-05-14T08:41:16","date_gmt":"2018-05-14T11:41:16","guid":{"rendered":"http:\/\/caririemacao.com\/1\/?p=50985"},"modified":"2018-05-14T08:41:16","modified_gmt":"2018-05-14T11:41:16","slug":"governo-diz-que-criou-empregos-e-cortou-gastos-em-dois-anos-de-gestao","status":"publish","type":"post","link":"https:\/\/www.caririemacao.com\/1\/2018\/05\/14\/governo-diz-que-criou-empregos-e-cortou-gastos-em-dois-anos-de-gestao\/","title":{"rendered":"Governo diz que criou empregos e cortou gastos em dois anos de gest\u00e3o"},"content":{"rendered":"<p>O governo federal apontou melhorias na pol\u00edtica econ\u00f4mica ao fazer balan\u00e7o de dois anos da gest\u00e3o do\u00a0presidente Michel Temer. Neste domingo,\u00a0o Estado mostrou que sete dos 15 pontos do programa \u2018Ponte para o Futuro\u2019 \u2013 lan\u00e7ado pelo MDB e usado como diretriz para a nova gest\u00e3o \u2013 n\u00e3o foram cumpridos.<\/p>\n<p>De acordo com o Planalto, o governo criou 56 mil empregos em mar\u00e7o e que, acumulado do ano, j\u00e1 houve crescimento de 204.064 postos de trabalho, segundo o CAGED. A popula\u00e7\u00e3o ocupada \u2013 92,1 milh\u00f5es de pessoas \u2013 aumentou em 1,84 milh\u00e3o no trimestre de outubro a dezembro de 2017, em compara\u00e7\u00e3o com o mesmo per\u00edodo de 2016, de acordo com dados s\u00e3o da PNAD Cont\u00ednua, do IBGE.<\/p>\n<p>\u201cEstamos recuperando um passivo de mais de dez anos de uma pol\u00edtica econ\u00f4mica equivocada e que levou o pa\u00eds \u00e0 sua maior recess\u00e3o da hist\u00f3ria\u201d, afirmou o governo, em nota.<\/p>\n<p>O governo voltou a afirmar que a Reforma da Previd\u00eancia n\u00e3o saiu da pauta do Pa\u00eds e contestou a informa\u00e7\u00e3o de que ela tenha sido engavetada por falta de apoio, apontando a interven\u00e7\u00e3o do Rio como o fator que inviabilizou a vota\u00e7\u00e3o no Congresso. Segundo o Planalto, o governo \u201csegue aprovando projetos fundamentais para o pa\u00eds\u201d, citando a aprova\u00e7\u00e3o na C\u00e2mara do projeto que cria o Cadastro Positivo e do projeto para pagar d\u00edvidas de governos anteriores.<\/p>\n<p>\u201cO presidente assumiu o governo quando os \u00e2nimos estavam naturalmente exacerbados. Adotou a prega\u00e7\u00e3o de unificar o pa\u00eds e pacificar a na\u00e7\u00e3o, num gesto de conclamar a todos nesse sentido\u201d, diz a nota.<\/p>\n<h3 class=\"intertitulo\">CORTES<\/h3>\n<p>Sobre a promessa n\u00e3o cumprida de priorizar pesquisa e desenvolvimento tecnol\u00f3gico, o governo citou na necessidade de contingenciar gastos para justificar a redu\u00e7\u00e3o do or\u00e7amento de Ci\u00eancia e Tecnologia.<\/p>\n<p>\u201cComo, hoje, mais de 90% do Or\u00e7amento federal corresponde a despesas obrigat\u00f3rias, resta ao governo a obriga\u00e7\u00e3o de contingenciar os outros menos de 10%\u201d, disse. \u201cEsse contingenciamento atingiu a todos os \u00f3rg\u00e3os da Uni\u00e3o\u201d, acrescentou.<\/p>\n<p>A nota diz que os trabalhos de pesquisa e inova\u00e7\u00e3o receber\u00e3o aporte de US$ 1,5 bilh\u00e3o do Banco Interamericano de Desenvolvimento (BID).<\/p>\n<p>O governo informou ainda que \u201ctem atuado para fechar acordos comerciais com outros pa\u00edses\u201d como a China, Reino Unido e Chile. O texto diz que o Mercosul e a Uni\u00e3o Europeia est\u00e3o \u201cmuito pr\u00f3ximos\u201d de assinar um acordo de livre com\u00e9rcio que est\u00e1 sendo negociado h\u00e1 mais de 20 anos, desde do governo Fernando Henrique Cardoso (PSDB).<\/p>\n<p><strong>CARIRI EM A\u00c7\u00c3O<\/strong><\/p>\n<p><em>Com Estad\u00e3o\/Foto: Reprodu\u00e7\u00e3o Internet<\/em><\/p>\n<p><strong>Leia mais not\u00edcias em\u00a0<\/strong><a href=\"http:\/\/www.caririemacao.com\/\"><strong>caririemacao.com<\/strong><\/a><strong>, siga nossa p\u00e1gina no\u00a0<\/strong><a href=\"https:\/\/www.facebook.com\/CaririEmAcao\/?ref=aymt_homepage_panel\"><strong>Facebook<\/strong><\/a>,<strong>\u00a0<\/strong><a href=\"https:\/\/www.instagram.com\/cariri_em_acao\/?hl=pt-br\"><strong>Instagram<\/strong><\/a><strong>\u00a0e\u00a0<\/strong><a href=\"https:\/\/www.youtube.com\/channel\/UCAptA0jQuYQy8vMhLt2m4qg\"><strong>Youtube<\/strong><\/a><strong>\u00a0e veja nossas mat\u00e9rias, v\u00eddeos e fotos. Voc\u00ea tamb\u00e9m pode enviar informa\u00e7\u00f5es \u00e0 Reda\u00e7\u00e3o do Portal Cariri em A\u00e7\u00e3o pelo WhatsApp (83) 9 9634.5791, (83) 9 9601-1162.<\/strong><\/p>\n<div id=\"SourceFBBrasil\" data-aop=\"WidgetStore\" data-id=\"1024\" data-m=\"{\">\n<div id=\"facebookWidget\" data-aop=\"facebookWidget\" data-id=\"1024\" data-m=\"{\"><\/div>\n<\/div>\n","protected":false},"excerpt":{"rendered":"<p>O governo federal apontou melhorias na pol\u00edtica econ\u00f4mica ao fazer balan\u00e7o de dois anos da gest\u00e3o do\u00a0presidente Michel Temer. Neste domingo,\u00a0o Estado mostrou que sete&hellip; <\/p>\n","protected":false},"author":2,"featured_media":50986,"comment_status":"closed","ping_status":"closed","sticky":false,"template":"","format":"standard","meta":{"sfsi_plus_gutenberg_text_before_share":"","sfsi_plus_gutenberg_show_text_before_share":"","sfsi_plus_gutenberg_icon_type":"","sfsi_plus_gutenberg_icon_alignemt":"","sfsi_plus_gutenburg_max_per_row":"","footnotes":""},"categories":[11],"tags":[],"class_list":["post-50985","post","type-post","status-publish","format-standard","has-post-thumbnail","hentry","category-politica"],"_links":{"self":[{"href":"https:\/\/www.caririemacao.com\/1\/wp-json\/wp\/v2\/posts\/50985","targetHints":{"allow":["GET"]}}],"collection":[{"href":"https:\/\/www.caririemacao.com\/1\/wp-json\/wp\/v2\/posts"}],"about":[{"href":"https:\/\/www.caririemacao.com\/1\/wp-json\/wp\/v2\/types\/post"}],"author":[{"embeddable":true,"href":"https:\/\/www.caririemacao.com\/1\/wp-json\/wp\/v2\/users\/2"}],"replies":[{"embeddable":true,"href":"https:\/\/www.caririemacao.com\/1\/wp-json\/wp\/v2\/comments?post=50985"}],"version-history":[{"count":0,"href":"https:\/\/www.caririemacao.com\/1\/wp-json\/wp\/v2\/posts\/50985\/revisions"}],"wp:featuredmedia":[{"embeddable":true,"href":"https:\/\/www.caririemacao.com\/1\/wp-json\/wp\/v2\/media\/50986"}],"wp:attachment":[{"href":"https:\/\/www.caririemacao.com\/1\/wp-json\/wp\/v2\/media?parent=50985"}],"wp:term":[{"taxonomy":"category","embeddable":true,"href":"https:\/\/www.caririemacao.com\/1\/wp-json\/wp\/v2\/categories?post=50985"},{"taxonomy":"post_tag","embeddable":true,"href":"https:\/\/www.caririemacao.com\/1\/wp-json\/wp\/v2\/tags?post=50985"}],"curies":[{"name":"wp","href":"https:\/\/api.w.org\/{rel}","templated":true}]}}