{"id":50990,"date":"2018-05-14T08:54:31","date_gmt":"2018-05-14T11:54:31","guid":{"rendered":"http:\/\/caririemacao.com\/1\/?p=50990"},"modified":"2018-05-14T08:54:31","modified_gmt":"2018-05-14T11:54:31","slug":"homem-e-preso-suspeito-de-atropelar-familia-e-matar-bebe-de-sete-meses-no-agreste-da-paraiba","status":"publish","type":"post","link":"https:\/\/www.caririemacao.com\/1\/2018\/05\/14\/homem-e-preso-suspeito-de-atropelar-familia-e-matar-bebe-de-sete-meses-no-agreste-da-paraiba\/","title":{"rendered":"Homem \u00e9 preso suspeito de atropelar fam\u00edlia e matar beb\u00ea de sete meses no Agreste da Para\u00edba"},"content":{"rendered":"<p>Um homem foi preso no in\u00edcio da tarde deste s\u00e1bado (12), suspeito de atropelar uma fam\u00edlia e matar um beb\u00ea de sete meses que estava com a m\u00e3e, na estrada que liga as cidades de Alagoa Grande e Juarez T\u00e1vora, no Agreste da Para\u00edba. O suspeito fugiu em outro ve\u00edculo, mas foi preso pela Pol\u00edcia Militar no munic\u00edpio de Juarez T\u00e1vora.<\/p>\n<p>Ap\u00f3s o acidente, envolvendo um caminh\u00e3o ca\u00e7amba e um carro, o motorista fugiu com medo de ser linchado pela popula\u00e7\u00e3o. Pouco tempo depois, a pol\u00edcia conseguiu localiz\u00e1-lo e ele foi encaminhado para a Delegacia de Guarabira.<\/p>\n<p>A m\u00e3e teve ferimentos leves. O outro filho, de nove anos, foi encaminhado para o Hospital de Trauma de Campina Grande em estado grave.<\/p>\n<p><strong>CARIRI EM A\u00c7\u00c3O<\/strong><\/p>\n<p><em>Com Clik PB<\/em><em>\/Foto:\u00a0Clik PB<\/em><\/p>\n<p><strong>Leia mais not\u00edcias em\u00a0<\/strong><a href=\"http:\/\/www.caririemacao.com\/\"><strong>caririemacao.com<\/strong><\/a><strong>, siga nossa p\u00e1gina no\u00a0<\/strong><a href=\"https:\/\/www.facebook.com\/CaririEmAcao\/?ref=aymt_homepage_panel\"><strong>Facebook<\/strong><\/a>,<strong>\u00a0<\/strong><a href=\"https:\/\/www.instagram.com\/cariri_em_acao\/?hl=pt-br\"><strong>Instagram<\/strong><\/a><strong>\u00a0e\u00a0<\/strong><a href=\"https:\/\/www.youtube.com\/channel\/UCAptA0jQuYQy8vMhLt2m4qg\"><strong>Youtube<\/strong><\/a><strong>\u00a0e veja nossas mat\u00e9rias, v\u00eddeos e fotos. Voc\u00ea tamb\u00e9m pode enviar informa\u00e7\u00f5es \u00e0 Reda\u00e7\u00e3o do Portal Cariri em A\u00e7\u00e3o pelo WhatsApp (83) 9 9634.5791, (83) 9 9601-1162.<\/strong><\/p>\n","protected":false},"excerpt":{"rendered":"<p>Um homem foi preso no in\u00edcio da tarde deste s\u00e1bado (12), suspeito de atropelar uma fam\u00edlia e matar um beb\u00ea de sete meses que estava&hellip; <\/p>\n","protected":false},"author":2,"featured_media":50991,"comment_status":"closed","ping_status":"closed","sticky":false,"template":"","format":"standard","meta":{"sfsi_plus_gutenberg_text_before_share":"","sfsi_plus_gutenberg_show_text_before_share":"","sfsi_plus_gutenberg_icon_type":"","sfsi_plus_gutenberg_icon_alignemt":"","sfsi_plus_gutenburg_max_per_row":"","footnotes":""},"categories":[12],"tags":[],"class_list":["post-50990","post","type-post","status-publish","format-standard","has-post-thumbnail","hentry","category-policia"],"_links":{"self":[{"href":"https:\/\/www.caririemacao.com\/1\/wp-json\/wp\/v2\/posts\/50990","targetHints":{"allow":["GET"]}}],"collection":[{"href":"https:\/\/www.caririemacao.com\/1\/wp-json\/wp\/v2\/posts"}],"about":[{"href":"https:\/\/www.caririemacao.com\/1\/wp-json\/wp\/v2\/types\/post"}],"author":[{"embeddable":true,"href":"https:\/\/www.caririemacao.com\/1\/wp-json\/wp\/v2\/users\/2"}],"replies":[{"embeddable":true,"href":"https:\/\/www.caririemacao.com\/1\/wp-json\/wp\/v2\/comments?post=50990"}],"version-history":[{"count":0,"href":"https:\/\/www.caririemacao.com\/1\/wp-json\/wp\/v2\/posts\/50990\/revisions"}],"wp:featuredmedia":[{"embeddable":true,"href":"https:\/\/www.caririemacao.com\/1\/wp-json\/wp\/v2\/media\/50991"}],"wp:attachment":[{"href":"https:\/\/www.caririemacao.com\/1\/wp-json\/wp\/v2\/media?parent=50990"}],"wp:term":[{"taxonomy":"category","embeddable":true,"href":"https:\/\/www.caririemacao.com\/1\/wp-json\/wp\/v2\/categories?post=50990"},{"taxonomy":"post_tag","embeddable":true,"href":"https:\/\/www.caririemacao.com\/1\/wp-json\/wp\/v2\/tags?post=50990"}],"curies":[{"name":"wp","href":"https:\/\/api.w.org\/{rel}","templated":true}]}}