{"id":50993,"date":"2018-05-14T08:59:48","date_gmt":"2018-05-14T11:59:48","guid":{"rendered":"http:\/\/caririemacao.com\/1\/?p=50993"},"modified":"2018-05-14T08:59:48","modified_gmt":"2018-05-14T11:59:48","slug":"menina-de-3-anos-morre-apos-televisor-cair-por-cima-dela","status":"publish","type":"post","link":"https:\/\/www.caririemacao.com\/1\/2018\/05\/14\/menina-de-3-anos-morre-apos-televisor-cair-por-cima-dela\/","title":{"rendered":"Menina de 3 anos morre ap\u00f3s televisor cair por cima dela"},"content":{"rendered":"<p>A garotinha de 3 anos de idade, \u00a0Sarah Kevelin Louren\u00e7o dos Santos, \u00a0morreu na tarde deste domingo (4) ap\u00f3s um ventilador ter ca\u00eddo por cima dela. O fato aconteceu na cidade de Alhandra, no Litoral Sul.<\/p>\n<p>De acordo com a fam\u00edlia, a crian\u00e7a estava em casa e teria ido pegar um brinquedo que estava em cima da televis\u00e3o, quando o aparelho caiu por cima dela.<\/p>\n<p>Com o impacto, a crian\u00e7a desmaiou e foi socorrida pelo Samu para o Hospital de Emerg\u00eancia e Trauma de Jo\u00e3o Pessoa. Ela deu entrada por volta das 14h, mas morreu minutos depois.<\/p>\n<p><strong>CARIRI EM A\u00c7\u00c3O<\/strong><\/p>\n<p><em>Com PB Hoje\/Foto:\u00a0PB Hoje<\/em><\/p>\n<p><strong>Leia mais not\u00edcias em\u00a0<\/strong><a href=\"http:\/\/www.caririemacao.com\/\"><strong>caririemacao.com<\/strong><\/a><strong>, siga nossa p\u00e1gina no\u00a0<\/strong><a href=\"https:\/\/www.facebook.com\/CaririEmAcao\/?ref=aymt_homepage_panel\"><strong>Facebook<\/strong><\/a>,<strong>\u00a0<\/strong><a href=\"https:\/\/www.instagram.com\/cariri_em_acao\/?hl=pt-br\"><strong>Instagram<\/strong><\/a><strong>\u00a0e\u00a0<\/strong><a href=\"https:\/\/www.youtube.com\/channel\/UCAptA0jQuYQy8vMhLt2m4qg\"><strong>Youtube<\/strong><\/a><strong>\u00a0e veja nossas mat\u00e9rias, v\u00eddeos e fotos. Voc\u00ea tamb\u00e9m pode enviar informa\u00e7\u00f5es \u00e0 Reda\u00e7\u00e3o do Portal Cariri em A\u00e7\u00e3o pelo WhatsApp (83) 9 9634.5791, (83) 9 9601-1162.<\/strong><\/p>\n","protected":false},"excerpt":{"rendered":"<p>A garotinha de 3 anos de idade, \u00a0Sarah Kevelin Louren\u00e7o dos Santos, \u00a0morreu na tarde deste domingo (4) ap\u00f3s um ventilador ter ca\u00eddo por cima&hellip; <\/p>\n","protected":false},"author":2,"featured_media":50994,"comment_status":"closed","ping_status":"closed","sticky":false,"template":"","format":"standard","meta":{"sfsi_plus_gutenberg_text_before_share":"","sfsi_plus_gutenberg_show_text_before_share":"","sfsi_plus_gutenberg_icon_type":"","sfsi_plus_gutenberg_icon_alignemt":"","sfsi_plus_gutenburg_max_per_row":"","footnotes":""},"categories":[12],"tags":[],"class_list":["post-50993","post","type-post","status-publish","format-standard","has-post-thumbnail","hentry","category-policia"],"_links":{"self":[{"href":"https:\/\/www.caririemacao.com\/1\/wp-json\/wp\/v2\/posts\/50993","targetHints":{"allow":["GET"]}}],"collection":[{"href":"https:\/\/www.caririemacao.com\/1\/wp-json\/wp\/v2\/posts"}],"about":[{"href":"https:\/\/www.caririemacao.com\/1\/wp-json\/wp\/v2\/types\/post"}],"author":[{"embeddable":true,"href":"https:\/\/www.caririemacao.com\/1\/wp-json\/wp\/v2\/users\/2"}],"replies":[{"embeddable":true,"href":"https:\/\/www.caririemacao.com\/1\/wp-json\/wp\/v2\/comments?post=50993"}],"version-history":[{"count":0,"href":"https:\/\/www.caririemacao.com\/1\/wp-json\/wp\/v2\/posts\/50993\/revisions"}],"wp:featuredmedia":[{"embeddable":true,"href":"https:\/\/www.caririemacao.com\/1\/wp-json\/wp\/v2\/media\/50994"}],"wp:attachment":[{"href":"https:\/\/www.caririemacao.com\/1\/wp-json\/wp\/v2\/media?parent=50993"}],"wp:term":[{"taxonomy":"category","embeddable":true,"href":"https:\/\/www.caririemacao.com\/1\/wp-json\/wp\/v2\/categories?post=50993"},{"taxonomy":"post_tag","embeddable":true,"href":"https:\/\/www.caririemacao.com\/1\/wp-json\/wp\/v2\/tags?post=50993"}],"curies":[{"name":"wp","href":"https:\/\/api.w.org\/{rel}","templated":true}]}}