{"id":51004,"date":"2018-05-14T10:06:12","date_gmt":"2018-05-14T13:06:12","guid":{"rendered":"http:\/\/caririemacao.com\/1\/?p=51004"},"modified":"2018-05-14T10:06:12","modified_gmt":"2018-05-14T13:06:12","slug":"usuarios-do-caps-ad-iii-realiza-homenagens-as-maes-monteirenses","status":"publish","type":"post","link":"https:\/\/www.caririemacao.com\/1\/2018\/05\/14\/usuarios-do-caps-ad-iii-realiza-homenagens-as-maes-monteirenses\/","title":{"rendered":"Usu\u00e1rios do CAPS AD III realiza homenagens \u00e0s m\u00e3es monteirenses"},"content":{"rendered":"<p>Na manh\u00e3 desta sexta-feira, 11, os usu\u00e1rios do CAPS ADIII visitaram as secretarias municipais realizando uma bela homenagem \u00e0s m\u00e3es presentes.<\/p>\n<p>Distribuindo lembrancinhas confeccionadas na pr\u00f3pria unidade de tratamento, os usu\u00e1rios ainda foram acompanhados pelo artista da cidade, Maike Jos\u00e9 juntamente com um sanfoneiro e um zabumbeiro cantando e emocionando as mam\u00e3es monteirenses.<\/p>\n<p>A diretora do CAPS ADII, Marileide Maracaj\u00e1, comentou sobre o momento e contou \u201c\u00c9 importante esse momento para eles, que fazem as lembrancinhas com todo o carinho com a inten\u00e7\u00e3o de levar todo o sentimento \u00e0s m\u00e3es que receberam. E uma data t\u00e3o especial quanto esta, o dia das m\u00e3es, o capricho foi ainda maior\u201d.<\/p>\n<p>Arrancando sorrisos e olhares marejados, centenas de mulheres receberam a homenagem. \u201cFiquei muito feliz, fui pega de surpresa. Muito linda essa homenagem, s\u00e3o pessoas dedicadas e muito carinhosas como pudemos perceber, e ainda mais emocionante quando tudo isso vem com m\u00fasica\u201d, conta uma das presenteadas.<\/p>\n<p><strong>CAPS AD III<\/strong><\/p>\n<p>O CAPS AD 24 horas oferece atendimento \u00e0 popula\u00e7\u00e3o, realiza o acompanhamento cl\u00ednico e a reinser\u00e7\u00e3o social dos usu\u00e1rios pelo acesso ao trabalho, lazer, exerc\u00edcio dos direitos civis e fortalecimento dos la\u00e7os familiares e comunit\u00e1rios. O CAPS tamb\u00e9m atende aos usu\u00e1rios em seus momentos de crise, podendo oferecer acolhimento noturno por um per\u00edodo curto de dias.<\/p>\n<p><strong>CARIRI EM A\u00c7\u00c3O<\/strong><\/p>\n<p><em>Com Cariri Ligad0<\/em><em>\/Foto:\u00a0Cariri Ligad0<\/em><\/p>\n<p><strong>Leia mais not\u00edcias em\u00a0<\/strong><a href=\"http:\/\/www.caririemacao.com\/\"><strong>caririemacao.com<\/strong><\/a><strong>, siga nossa p\u00e1gina no\u00a0<\/strong><a href=\"https:\/\/www.facebook.com\/CaririEmAcao\/?ref=aymt_homepage_panel\"><strong>Facebook<\/strong><\/a>,<strong>\u00a0<\/strong><a href=\"https:\/\/www.instagram.com\/cariri_em_acao\/?hl=pt-br\"><strong>Instagram<\/strong><\/a><strong>\u00a0e\u00a0<\/strong><a href=\"https:\/\/www.youtube.com\/channel\/UCAptA0jQuYQy8vMhLt2m4qg\"><strong>Youtube<\/strong><\/a><strong>\u00a0e veja nossas mat\u00e9rias, v\u00eddeos e fotos. Voc\u00ea tamb\u00e9m pode enviar informa\u00e7\u00f5es \u00e0 Reda\u00e7\u00e3o do Portal Cariri em A\u00e7\u00e3o pelo WhatsApp (83) 9 9634.5791, (83) 9 9601-1162.<\/strong><\/p>\n","protected":false},"excerpt":{"rendered":"<p>Na manh\u00e3 desta sexta-feira, 11, os usu\u00e1rios do CAPS ADIII visitaram as secretarias municipais realizando uma bela homenagem \u00e0s m\u00e3es presentes. Distribuindo lembrancinhas confeccionadas na&hellip; <\/p>\n","protected":false},"author":2,"featured_media":51005,"comment_status":"closed","ping_status":"closed","sticky":false,"template":"","format":"standard","meta":{"sfsi_plus_gutenberg_text_before_share":"","sfsi_plus_gutenberg_show_text_before_share":"","sfsi_plus_gutenberg_icon_type":"","sfsi_plus_gutenberg_icon_alignemt":"","sfsi_plus_gutenburg_max_per_row":"","footnotes":""},"categories":[6],"tags":[],"class_list":["post-51004","post","type-post","status-publish","format-standard","has-post-thumbnail","hentry","category-cidades"],"_links":{"self":[{"href":"https:\/\/www.caririemacao.com\/1\/wp-json\/wp\/v2\/posts\/51004","targetHints":{"allow":["GET"]}}],"collection":[{"href":"https:\/\/www.caririemacao.com\/1\/wp-json\/wp\/v2\/posts"}],"about":[{"href":"https:\/\/www.caririemacao.com\/1\/wp-json\/wp\/v2\/types\/post"}],"author":[{"embeddable":true,"href":"https:\/\/www.caririemacao.com\/1\/wp-json\/wp\/v2\/users\/2"}],"replies":[{"embeddable":true,"href":"https:\/\/www.caririemacao.com\/1\/wp-json\/wp\/v2\/comments?post=51004"}],"version-history":[{"count":0,"href":"https:\/\/www.caririemacao.com\/1\/wp-json\/wp\/v2\/posts\/51004\/revisions"}],"wp:featuredmedia":[{"embeddable":true,"href":"https:\/\/www.caririemacao.com\/1\/wp-json\/wp\/v2\/media\/51005"}],"wp:attachment":[{"href":"https:\/\/www.caririemacao.com\/1\/wp-json\/wp\/v2\/media?parent=51004"}],"wp:term":[{"taxonomy":"category","embeddable":true,"href":"https:\/\/www.caririemacao.com\/1\/wp-json\/wp\/v2\/categories?post=51004"},{"taxonomy":"post_tag","embeddable":true,"href":"https:\/\/www.caririemacao.com\/1\/wp-json\/wp\/v2\/tags?post=51004"}],"curies":[{"name":"wp","href":"https:\/\/api.w.org\/{rel}","templated":true}]}}