{"id":51422,"date":"2018-05-18T09:52:50","date_gmt":"2018-05-18T12:52:50","guid":{"rendered":"http:\/\/caririemacao.com\/1\/?p=51422"},"modified":"2018-05-18T09:59:45","modified_gmt":"2018-05-18T12:59:45","slug":"inscricoes-para-o-enem-2018-encerram-nesta-sexta-feira-18","status":"publish","type":"post","link":"https:\/\/www.caririemacao.com\/1\/2018\/05\/18\/inscricoes-para-o-enem-2018-encerram-nesta-sexta-feira-18\/","title":{"rendered":"Inscri\u00e7\u00f5es para o Enem 2018 encerram nesta sexta-feira (18)"},"content":{"rendered":"<p>As inscri\u00e7\u00f5es terminam \u00e0s 23h59 desta sexta-feira (18).\u00a0A taxa custa R$ 82 e poder\u00e1 ser paga at\u00e9 o dia 23 deste m\u00eas. <a href=\"https:\/\/enem.inep.gov.br\/participante\/#!\/inicial\">Se inscreva no\u00a0<strong>Exame\u00a0Nacional do Ensino M\u00e9dio (Enem)\u00a0<\/strong>2018<\/a><\/p>\n<p><strong>Fa\u00e7a sua inscri\u00e7\u00e3o<\/strong><\/p>\n<p>Ao terminar a inscri\u00e7\u00e3o, apenas duas op\u00e7\u00f5es de mensagens aparecem:\u00a0\u201cInscri\u00e7\u00e3o conclu\u00edda com sucesso\u201d\u00a0ou\u00a0\u201cInscri\u00e7\u00e3o aguardando o pagamento da GRU<strong>\u201d<\/strong>, juntamente com a imagem da Guia de Recolhimento da Uni\u00e3o (GRU), que \u00e9 um boleto do Banco do Brasil.<\/p>\n<p>A frase \u201cInscri\u00e7\u00e3o conclu\u00edda com sucesso\u201d, escrita em verde, aparece para todos os participantes que est\u00e3o isentos do pagamento da taxa de inscri\u00e7\u00e3o do Enem 2018.<\/p>\n<p>J\u00e1 a mensagem\u00a0\u201cInscri\u00e7\u00e3o aguardando o pagamento da GRU\u201d, escrita em vermelho, surge para quem precisa pagar a taxa de inscri\u00e7\u00e3o.<\/p>\n<p><strong>Isen\u00e7\u00e3o<\/strong><\/p>\n<p>Segundo o Inep, ao todo,\u00a0<strong>3.361.468 pessoas<\/strong>\u00a0j\u00e1 est\u00e3o beneficiadas com a gratuidade por se enquadrarem em um dos quatro perfis que davam direito \u00e0 isen\u00e7\u00e3o.<\/p>\n<p>\u00c9 importante lembrar que\u00a0<strong>ter o pedido de isen\u00e7\u00e3o aceito n\u00e3o significa que o estudante est\u00e1 automaticamente inscrito no Enem<\/strong>: todos ainda precisar\u00e3o se inscrever entre os dias 7 e 18 de maio.<\/p>\n<p><strong>Pr\u00f3ximos passos<\/strong><\/p>\n<p>Algumas semanas antes do exame, o Inep divulgar\u00e1 os locais de prova.\u00a0O\u00a0Enem, que completa 20 anos em 2018,\u00a0ser\u00e1 aplicado em dois domingos seguidos: nos dias\u00a0<strong>4 e 11 de novembro<\/strong>.<\/p>\n<p>A distribui\u00e7\u00e3o das provas n\u00e3o mudou: no primeiro domingo, dia 4,\u00a0ser\u00e3o aplicadas as provas de Linguagens, Ci\u00eancias Humanas e Reda\u00e7\u00e3o, com 5h30 de dura\u00e7\u00e3o; j\u00e1 no segundo domingo, dia 11, ser\u00e1 a vez das provas de Matem\u00e1tica e Ci\u00eancias da Natureza, com 5h de dura\u00e7\u00e3o,\u00a0<strong>30 minutos a mais do que no ano passado.<\/strong><\/p>\n<p>O resultado individual ser\u00e1 publicado em janeiro de 2019.<\/p>\n<h3>Calend\u00e1rio<\/h3>\n<div>\n<table>\n<tbody>\n<tr>\n<td><strong>Pedido de isen\u00e7\u00e3o e justificativa de falta<\/strong><\/td>\n<td>2 a 15 de abril<\/td>\n<\/tr>\n<tr>\n<td><strong>Resultado da solicita\u00e7\u00e3o de isen\u00e7\u00e3o<\/strong><\/td>\n<td>23 de abril<\/td>\n<\/tr>\n<tr>\n<td><strong>Inscri\u00e7\u00f5es<\/strong><\/td>\n<td>7 a 18 de maio<\/td>\n<\/tr>\n<tr>\n<td><strong>Pagamento da taxa de inscri\u00e7\u00e3o<\/strong><\/td>\n<td>at\u00e9 23 de maio (hor\u00e1rio banc\u00e1rio)<\/td>\n<\/tr>\n<tr>\n<td><strong>Solicita\u00e7\u00e3o de atendimento pelo nome social<\/strong><\/td>\n<td>28 de maio a 3 de junho<\/td>\n<\/tr>\n<tr>\n<td><strong>Confirma\u00e7\u00e3o do local de prova<\/strong><\/td>\n<td>Outubro de 2018<\/td>\n<\/tr>\n<tr>\n<td><strong>Provas<\/strong><\/td>\n<td>4 e 11 de novembro<\/td>\n<\/tr>\n<tr>\n<td><strong>Divulga\u00e7\u00e3o dos resultados<\/strong><\/td>\n<td>Janeiro de 2019<\/td>\n<\/tr>\n<\/tbody>\n<\/table>\n<p><strong>CARIRI EM A\u00c7\u00c3O<\/strong><\/p>\n<p><em>Com Guia do Estudante\/Foto: Reprodu\u00e7\u00e3o Internet<\/em><\/p>\n<p><strong>Leia mais not\u00edcias em\u00a0<\/strong><a href=\"http:\/\/www.caririemacao.com\/\"><strong>caririemacao.com<\/strong><\/a><strong>, siga nossa p\u00e1gina no\u00a0<\/strong><a href=\"https:\/\/www.facebook.com\/CaririEmAcao\/?ref=aymt_homepage_panel\"><strong>Facebook<\/strong><\/a>,<strong>\u00a0<\/strong><a href=\"https:\/\/www.instagram.com\/cariri_em_acao\/?hl=pt-br\">Instagram<\/a><strong>\u00a0e <\/strong><a href=\"https:\/\/www.youtube.com\/channel\/UCAptA0jQuYQy8vMhLt2m4qg\">Youtube<\/a><strong>\u00a0e veja nossas mat\u00e9rias, v\u00eddeos e fotos. Voc\u00ea tamb\u00e9m pode enviar informa\u00e7\u00f5es \u00e0 Reda\u00e7\u00e3o do Portal Cariri em A\u00e7\u00e3o pelo WhatsApp (83) 9 9634.5791, (83) 9 9601-1162.<\/strong><\/p>\n<\/div>\n","protected":false},"excerpt":{"rendered":"<p>As inscri\u00e7\u00f5es terminam \u00e0s 23h59 desta sexta-feira (18).\u00a0A taxa custa R$ 82 e poder\u00e1 ser paga at\u00e9 o dia 23 deste m\u00eas. Se inscreva no\u00a0Exame\u00a0Nacional&hellip; <\/p>\n","protected":false},"author":2,"featured_media":13230,"comment_status":"closed","ping_status":"closed","sticky":false,"template":"","format":"standard","meta":{"sfsi_plus_gutenberg_text_before_share":"","sfsi_plus_gutenberg_show_text_before_share":"","sfsi_plus_gutenberg_icon_type":"","sfsi_plus_gutenberg_icon_alignemt":"","sfsi_plus_gutenburg_max_per_row":"","footnotes":""},"categories":[14],"tags":[],"class_list":["post-51422","post","type-post","status-publish","format-standard","has-post-thumbnail","hentry","category-educacao"],"_links":{"self":[{"href":"https:\/\/www.caririemacao.com\/1\/wp-json\/wp\/v2\/posts\/51422","targetHints":{"allow":["GET"]}}],"collection":[{"href":"https:\/\/www.caririemacao.com\/1\/wp-json\/wp\/v2\/posts"}],"about":[{"href":"https:\/\/www.caririemacao.com\/1\/wp-json\/wp\/v2\/types\/post"}],"author":[{"embeddable":true,"href":"https:\/\/www.caririemacao.com\/1\/wp-json\/wp\/v2\/users\/2"}],"replies":[{"embeddable":true,"href":"https:\/\/www.caririemacao.com\/1\/wp-json\/wp\/v2\/comments?post=51422"}],"version-history":[{"count":0,"href":"https:\/\/www.caririemacao.com\/1\/wp-json\/wp\/v2\/posts\/51422\/revisions"}],"wp:featuredmedia":[{"embeddable":true,"href":"https:\/\/www.caririemacao.com\/1\/wp-json\/wp\/v2\/media\/13230"}],"wp:attachment":[{"href":"https:\/\/www.caririemacao.com\/1\/wp-json\/wp\/v2\/media?parent=51422"}],"wp:term":[{"taxonomy":"category","embeddable":true,"href":"https:\/\/www.caririemacao.com\/1\/wp-json\/wp\/v2\/categories?post=51422"},{"taxonomy":"post_tag","embeddable":true,"href":"https:\/\/www.caririemacao.com\/1\/wp-json\/wp\/v2\/tags?post=51422"}],"curies":[{"name":"wp","href":"https:\/\/api.w.org\/{rel}","templated":true}]}}