{"id":51424,"date":"2018-05-18T10:03:09","date_gmt":"2018-05-18T13:03:09","guid":{"rendered":"http:\/\/caririemacao.com\/1\/?p=51424"},"modified":"2018-05-18T10:03:09","modified_gmt":"2018-05-18T13:03:09","slug":"tirar-nota-baixa-e-ir-mal-na-escola-nem-sempre-e-desleixo-pode-ser-um-transtorno","status":"publish","type":"post","link":"https:\/\/www.caririemacao.com\/1\/2018\/05\/18\/tirar-nota-baixa-e-ir-mal-na-escola-nem-sempre-e-desleixo-pode-ser-um-transtorno\/","title":{"rendered":"Tirar nota baixa e ir mal na escola nem sempre \u00e9 desleixo: pode ser um transtorno"},"content":{"rendered":"<p>Se seu filho vai mal na escola e n\u00e3o consegue tirar notas altas, fique atento, pois nem sempre \u00e9 desleixo dele. Na realidade, de acordo com o m\u00e9dico Joaquim Cerejeira, psiquiatra e presidente da Associa\u00e7\u00e3o C\u00e9rebro &amp; Mente, muitas crian\u00e7as e jovens sofrem de\u00a0fobia social, o que dificulta no aprendizado na escola.<\/p>\n<p><strong>O que \u00e9 fobia social?<\/strong><\/p>\n<p>A fobia social \u00e9 quando o medo da intera\u00e7\u00e3o social \u00e9 t\u00e3o grande que acaba interferindo no modo de agir, falar e pensar, afetando a qualidade de vida, inclusive na escola. Quem sofre desse mal tem muita dificuldade em apresentar trabalhos e fazer provas orais, em que precisam falar em p\u00fablico. Cerca de 7% da popula\u00e7\u00e3o de todo o mundo sofre desta fobia.<\/p>\n<p><strong>Causas<\/strong><\/p>\n<p>A doen\u00e7a est\u00e1 relacionada com diversos fatores, desde origem gen\u00e9tica, at\u00e9 situa\u00e7\u00f5es de bullying, rejei\u00e7\u00e3o ou conflitos familiares, al\u00e9m do ambiente externo e a origem gen\u00e9tica, que podem desencadear a fobia social.<\/p>\n<p><strong>Sintomas<\/strong><\/p>\n<p>O principal sintoma da fobia social \u00e9 o medo, que pode vir acompanhado de palpita\u00e7\u00f5es, falta de ar, tens\u00e3o muscular, tremores, sudorese excessiva, boca seca, n\u00e1usea e o famoso rosto avermelhado, de vergonha e constrangimento. Isso tudo acontece geralmente quando envolve situa\u00e7\u00f5es de intera\u00e7\u00e3o com outras pessoas.<\/p>\n<p>Os pais devem ficar alertas se os filhos come\u00e7am a faltar muito em dias de provas ou apresenta\u00e7\u00f5es de trabalhos, pois podem estar com medo de serem avaliados de forma negativa ou se sentirem humilhados na escola. Se isso ocorrer, investigue as causas para que o tratamento seja o mais adequado, envolvendo uma abordagem cognitivo-comportamental, com acompanhamento de um psic\u00f3logo e de um psiquiatra.<\/p>\n<p>Com as crian\u00e7as e os jovens, o alerta deve ser redobrado, especialmente pois quem tem fobia social tem propens\u00e3o a desenvolver depress\u00e3o, ou at\u00e9 mesmo usar subst\u00e2ncias nocivas, como \u00e1lcool ou drogas, para perder o medo da intera\u00e7\u00e3o com as pessoas.<\/p>\n<p><strong>CARIRI EM A\u00c7\u00c3O<\/strong><\/p>\n<p><em>Com Vix\/Foto: Istock<\/em><\/p>\n<p><strong>Leia mais not\u00edcias em\u00a0<\/strong><a href=\"http:\/\/www.caririemacao.com\/\"><strong>caririemacao.com<\/strong><\/a><strong>, siga nossa p\u00e1gina no\u00a0<\/strong><a href=\"https:\/\/www.facebook.com\/CaririEmAcao\/?ref=aymt_homepage_panel\"><strong>Facebook<\/strong><\/a>,<strong>\u00a0<\/strong><a href=\"https:\/\/www.instagram.com\/cariri_em_acao\/?hl=pt-br\">Instagram<\/a><strong>\u00a0e <\/strong><a href=\"https:\/\/www.youtube.com\/channel\/UCAptA0jQuYQy8vMhLt2m4qg\">Youtube<\/a><strong>\u00a0e veja nossas mat\u00e9rias, v\u00eddeos e fotos. Voc\u00ea tamb\u00e9m pode enviar informa\u00e7\u00f5es \u00e0 Reda\u00e7\u00e3o do Portal Cariri em A\u00e7\u00e3o pelo WhatsApp (83) 9 9634.5791, (83) 9 9601-1162.<\/strong><\/p>\n<p>&nbsp;<\/p>\n","protected":false},"excerpt":{"rendered":"<p>Se seu filho vai mal na escola e n\u00e3o consegue tirar notas altas, fique atento, pois nem sempre \u00e9 desleixo dele. Na realidade, de acordo&hellip; <\/p>\n","protected":false},"author":2,"featured_media":51425,"comment_status":"closed","ping_status":"closed","sticky":false,"template":"","format":"standard","meta":{"sfsi_plus_gutenberg_text_before_share":"","sfsi_plus_gutenberg_show_text_before_share":"","sfsi_plus_gutenberg_icon_type":"","sfsi_plus_gutenberg_icon_alignemt":"","sfsi_plus_gutenburg_max_per_row":"","footnotes":""},"categories":[14],"tags":[],"class_list":["post-51424","post","type-post","status-publish","format-standard","has-post-thumbnail","hentry","category-educacao"],"_links":{"self":[{"href":"https:\/\/www.caririemacao.com\/1\/wp-json\/wp\/v2\/posts\/51424","targetHints":{"allow":["GET"]}}],"collection":[{"href":"https:\/\/www.caririemacao.com\/1\/wp-json\/wp\/v2\/posts"}],"about":[{"href":"https:\/\/www.caririemacao.com\/1\/wp-json\/wp\/v2\/types\/post"}],"author":[{"embeddable":true,"href":"https:\/\/www.caririemacao.com\/1\/wp-json\/wp\/v2\/users\/2"}],"replies":[{"embeddable":true,"href":"https:\/\/www.caririemacao.com\/1\/wp-json\/wp\/v2\/comments?post=51424"}],"version-history":[{"count":0,"href":"https:\/\/www.caririemacao.com\/1\/wp-json\/wp\/v2\/posts\/51424\/revisions"}],"wp:featuredmedia":[{"embeddable":true,"href":"https:\/\/www.caririemacao.com\/1\/wp-json\/wp\/v2\/media\/51425"}],"wp:attachment":[{"href":"https:\/\/www.caririemacao.com\/1\/wp-json\/wp\/v2\/media?parent=51424"}],"wp:term":[{"taxonomy":"category","embeddable":true,"href":"https:\/\/www.caririemacao.com\/1\/wp-json\/wp\/v2\/categories?post=51424"},{"taxonomy":"post_tag","embeddable":true,"href":"https:\/\/www.caririemacao.com\/1\/wp-json\/wp\/v2\/tags?post=51424"}],"curies":[{"name":"wp","href":"https:\/\/api.w.org\/{rel}","templated":true}]}}