{"id":51427,"date":"2018-05-18T10:29:28","date_gmt":"2018-05-18T13:29:28","guid":{"rendered":"http:\/\/caririemacao.com\/1\/?p=51427"},"modified":"2018-05-18T10:29:28","modified_gmt":"2018-05-18T13:29:28","slug":"habitos-alimentares-influenciam-no-crescimento-das-criancas","status":"publish","type":"post","link":"https:\/\/www.caririemacao.com\/1\/2018\/05\/18\/habitos-alimentares-influenciam-no-crescimento-das-criancas\/","title":{"rendered":"H\u00e1bitos alimentares influenciam no crescimento das crian\u00e7as"},"content":{"rendered":"<div class=\"mc-column content-media content-media--normal content-video\" data-block-type=\"backstage-video\" data-block-id=\"0\">\n<div class=\"content-media__description-centered\">Uma pesquisa com 1.700 crian\u00e7as revelou que o a\u00e7\u00facar do achocolatado pode atrapalhar o crescimento. Mas quando os pais devem se preocupar com o desenvolvimento e estatura dos filhos? O crescimento depende de v\u00e1rios fatores como idade, idade \u00f3ssea, altura da fam\u00edlia, idade de in\u00edcio da puberdade, estado de sa\u00fade f\u00edsica e mental.<\/div>\n<\/div>\n<div class=\"mc-column content-text active-extra-styles \" data-block-type=\"unstyled\" data-block-weight=\"69\" data-block-id=\"3\">\n<p class=\"content-text__container \" data-track-category=\"Link no Texto\" data-track-links=\"\">Entretanto, o crescimento \u00e9 um marcador indireto de sa\u00fade da crian\u00e7a. Ou seja, toda crian\u00e7a considerada baixinha deve ser avaliada pelo endocrinologista especialista em crescimento. Os pais devem se preocupar se a crian\u00e7a \u00e9 mais baixa que a maioria dos amiguinhos, principalmente antes do in\u00edcio da puberdade, como explicaram as convidadas do Bem Estar desta quinta-feira (17) \u2013 a pediatra e consultora Ana Escobar e a endocrinologista Elaine Costa.<\/p>\n<\/div>\n<div class=\"mc-column content-text active-extra-styles \" data-block-type=\"unstyled\" data-block-weight=\"42\" data-block-id=\"5\">\n<p class=\"content-text__container \" data-track-category=\"Link no Texto\" data-track-links=\"\"><strong>Como chegar ao diagn\u00f3stico?<\/strong>\u00a0O primeiro passo \u00e9 estudar a idade \u00f3ssea da crian\u00e7a, junto com um estudo hormonal. Se estiver dentro dos par\u00e2metros, est\u00e1 tudo bem. Se houver desacelera\u00e7\u00e3o do crescimento, isso pode indicar algum problema e deve-se procurar um especialista.<\/p>\n<\/div>\n<div class=\"mc-column content-text active-extra-styles \" data-block-type=\"unstyled\" data-block-weight=\"17\" data-block-id=\"6\">\n<p class=\"content-text__container \" data-track-category=\"Link no Texto\" data-track-links=\"\"><strong>Quando usar medicamentos?\u00a0<\/strong>A crian\u00e7a precisa passar por um especialista, pois todos os medicamentos t\u00eam efeitos colaterais.<\/p>\n<\/div>\n<div class=\"mc-column content-text active-extra-styles \" data-block-type=\"unstyled\" data-block-weight=\"8\" data-block-id=\"7\">\n<p class=\"content-text__container \" data-track-category=\"Link no Texto\" data-track-links=\"\">Algumas coisas podem contribuir para a baixa estatura:<\/p>\n<\/div>\n<div class=\"mc-column content-text active-extra-styles\" data-block-type=\"raw\" data-block-weight=\"9\" data-block-id=\"8\">\n<ul class=\"content-unordered-list\">\n<li>Doen\u00e7a cel\u00edaca<\/li>\n<li>Hipotireoidismo<\/li>\n<li>Uso prolongado de corticoides<\/li>\n<li>Doen\u00e7as cr\u00f4nicas<\/li>\n<\/ul>\n<\/div>\n<div class=\"mc-column content-text active-extra-styles \" data-block-type=\"unstyled\" data-block-weight=\"30\" data-block-id=\"9\">\n<p class=\"content-text__container \" data-track-category=\"Link no Texto\" data-track-links=\"\">O tratamento deve ser iniciado assim que constatado que a crian\u00e7a parou de crescer enquanto as outras do grupo continuam dentro da curva. Quanto mais cedo iniciar o tratamento, melhor.<\/p>\n<p class=\"content-text__container \" data-track-category=\"Link no Texto\" data-track-links=\"\"><strong>H\u00e1bitos alimentares<\/strong><\/p>\n<\/div>\n<div class=\"mc-column content-text active-extra-styles \" data-block-type=\"unstyled\" data-block-weight=\"54\" data-block-id=\"13\">\n<p class=\"content-text__container \" data-track-category=\"Link no Texto\" data-track-links=\"\">Os primeiros anos de vida s\u00e3o fundamentais para garantir a forma\u00e7\u00e3o do h\u00e1bito alimentar. Em Po\u00e7os de Caldas, no sul de Minas Gerais, um levantamento feito em creches mostrou que 6% das crian\u00e7as est\u00e3o com estatura mais baixa do que o ideal. O estudo foi feito com quase 1.800 crian\u00e7as de at\u00e9 tr\u00eas anos.<\/p>\n<\/div>\n<div class=\"mc-column content-text active-extra-styles \" data-block-type=\"unstyled\" data-block-weight=\"9\" data-block-id=\"14\">\n<p class=\"content-text__container \" data-track-category=\"Link no Texto\" data-track-links=\"\">Alguns pontos podem contribuir para o atraso no crescimento:<\/p>\n<\/div>\n<div class=\"mc-column content-text active-extra-styles\" data-block-type=\"raw\" data-block-weight=\"40\" data-block-id=\"15\">\n<ul class=\"content-unordered-list\">\n<li>Presen\u00e7a de leite de vaca com achocolatado e adi\u00e7\u00e3o de a\u00e7\u00facar<\/li>\n<li>Consumo de verduras e hortali\u00e7as inferior ao recomendado<\/li>\n<li>Ingest\u00e3o de carne acima do permitido<\/li>\n<li>Aus\u00eancia de peixe<\/li>\n<li>Textura dos alimentos transformados em sopa, sem incentivar o h\u00e1bito da mastiga\u00e7\u00e3o<\/li>\n<\/ul>\n<\/div>\n<div class=\"mc-column content-text active-extra-styles \" data-block-type=\"unstyled\" data-block-weight=\"29\" data-block-id=\"16\">\n<p class=\"content-text__container \" data-track-category=\"Link no Texto\" data-track-links=\"\">Segundo os especialistas, os primeiros anos de vida s\u00e3o fundamentais para garantir a forma\u00e7\u00e3o do h\u00e1bito alimentar, principalmente em rela\u00e7\u00e3o a redu\u00e7\u00e3o do risco da obesidade e baixa estatura.<\/p>\n<p><strong>CARIRI EM A\u00c7\u00c3O<\/strong><\/p>\n<p><em>Com G1 \/Foto: Reprodu\u00e7\u00e3o Internet<\/em><\/p>\n<p><strong>Leia mais not\u00edcias em\u00a0<\/strong><a href=\"http:\/\/www.caririemacao.com\/\"><strong>caririemacao.com<\/strong><\/a><strong>, siga nossa p\u00e1gina no\u00a0<\/strong><a href=\"https:\/\/www.facebook.com\/CaririEmAcao\/?ref=aymt_homepage_panel\"><strong>Facebook<\/strong><\/a>,<strong>\u00a0<\/strong><a href=\"https:\/\/www.instagram.com\/cariri_em_acao\/?hl=pt-br\">Instagram<\/a><strong>\u00a0e <\/strong><a href=\"https:\/\/www.youtube.com\/channel\/UCAptA0jQuYQy8vMhLt2m4qg\">Youtube<\/a><strong>\u00a0e veja nossas mat\u00e9rias, v\u00eddeos e fotos. Voc\u00ea tamb\u00e9m pode enviar informa\u00e7\u00f5es \u00e0 Reda\u00e7\u00e3o do Portal Cariri em A\u00e7\u00e3o pelo WhatsApp (83) 9 9634.5791, (83) 9 9601-1162.<\/strong><\/p>\n<\/div>\n","protected":false},"excerpt":{"rendered":"<p>Uma pesquisa com 1.700 crian\u00e7as revelou que o a\u00e7\u00facar do achocolatado pode atrapalhar o crescimento. Mas quando os pais devem se preocupar com o desenvolvimento&hellip; <\/p>\n","protected":false},"author":2,"featured_media":51429,"comment_status":"closed","ping_status":"closed","sticky":false,"template":"","format":"standard","meta":{"sfsi_plus_gutenberg_text_before_share":"","sfsi_plus_gutenberg_show_text_before_share":"","sfsi_plus_gutenberg_icon_type":"","sfsi_plus_gutenberg_icon_alignemt":"","sfsi_plus_gutenburg_max_per_row":"","footnotes":""},"categories":[16],"tags":[],"class_list":["post-51427","post","type-post","status-publish","format-standard","has-post-thumbnail","hentry","category-saude"],"_links":{"self":[{"href":"https:\/\/www.caririemacao.com\/1\/wp-json\/wp\/v2\/posts\/51427","targetHints":{"allow":["GET"]}}],"collection":[{"href":"https:\/\/www.caririemacao.com\/1\/wp-json\/wp\/v2\/posts"}],"about":[{"href":"https:\/\/www.caririemacao.com\/1\/wp-json\/wp\/v2\/types\/post"}],"author":[{"embeddable":true,"href":"https:\/\/www.caririemacao.com\/1\/wp-json\/wp\/v2\/users\/2"}],"replies":[{"embeddable":true,"href":"https:\/\/www.caririemacao.com\/1\/wp-json\/wp\/v2\/comments?post=51427"}],"version-history":[{"count":0,"href":"https:\/\/www.caririemacao.com\/1\/wp-json\/wp\/v2\/posts\/51427\/revisions"}],"wp:featuredmedia":[{"embeddable":true,"href":"https:\/\/www.caririemacao.com\/1\/wp-json\/wp\/v2\/media\/51429"}],"wp:attachment":[{"href":"https:\/\/www.caririemacao.com\/1\/wp-json\/wp\/v2\/media?parent=51427"}],"wp:term":[{"taxonomy":"category","embeddable":true,"href":"https:\/\/www.caririemacao.com\/1\/wp-json\/wp\/v2\/categories?post=51427"},{"taxonomy":"post_tag","embeddable":true,"href":"https:\/\/www.caririemacao.com\/1\/wp-json\/wp\/v2\/tags?post=51427"}],"curies":[{"name":"wp","href":"https:\/\/api.w.org\/{rel}","templated":true}]}}