{"id":51431,"date":"2018-05-18T10:32:33","date_gmt":"2018-05-18T13:32:33","guid":{"rendered":"http:\/\/caririemacao.com\/1\/?p=51431"},"modified":"2018-05-18T10:32:33","modified_gmt":"2018-05-18T13:32:33","slug":"alckmin-diz-que-temer-nao-sera-candidato","status":"publish","type":"post","link":"https:\/\/www.caririemacao.com\/1\/2018\/05\/18\/alckmin-diz-que-temer-nao-sera-candidato\/","title":{"rendered":"Alckmin diz que Temer n\u00e3o ser\u00e1 candidato"},"content":{"rendered":"<p>Em palestra a alunos do Insper, nesta quinta-feira (17), o pr\u00e9-candidato a presidente Geraldo Alckmin (PSDB) afirmou que o presidente Michel Temer (MDB) n\u00e3o tentar\u00e1 se reeleger.<\/p>\n<p>O tucano disse que a multiplicidade de candidaturas nesta elei\u00e7\u00e3o se deve tamb\u00e9m ao fato de o titular n\u00e3o ser candidato.<\/p>\n<p>&#8220;Sempre o incumbente \u00e9 o favorito&#8221;, disse. &#8220;At\u00e9 a Dilma foi reeleita, voc\u00ea v\u00ea que vantagem impressionante [que \u00e9 disputar j\u00e1 no cargo]&#8221;, disse, para risos da plateia.<\/p>\n<p>&#8220;Quando o titular \u00e9 candidato, ningu\u00e9m quer desafi\u00e1-lo. Agora que voc\u00ea n\u00e3o tem o titular candidato, todo mundo acha que \u00e9 a sua vez, &#8216;tenho chance'&#8221;, afirmou o tucano.<\/p>\n<p>O\u00a0presidente disse nesta quinta que ainda est\u00e1 refletindo se disputar\u00e1, mas o ex-ministro Henrique Meirelles (MDB) se movimenta para viabilizar sua pr\u00f3pria candidatura.<\/p>\n<p>Sua vantagem \u00e9 que ele est\u00e1 disposto a arcar com a campanha, liberando os recursos partid\u00e1rios para outros candidatos. Com isso Meirelles recolhe simpatia de deputados federais do MDB.<\/p>\n<p>A fala de Alckmin vem em momento de novo afastamento entre ele e Temer, depois de um ensaio de aproxima\u00e7\u00e3o. H\u00e1 alguns dias, os dois se falaram por telefone e ficaram de conversar pessoalmente, mas Temer reclamou da forma como ele foi citado por tucanos ligados a Alckmin.<\/p>\n<p>O ex-governador de S\u00e3o Paulo, que patina nas pesquisas de inten\u00e7\u00e3o de voto e teve a rejei\u00e7\u00e3o ampliada, segundo levantamento da CNT, pediu aos estudantes que n\u00e3o se impressionem com isso. Argumentou que a popula\u00e7\u00e3o n\u00e3o est\u00e1 ainda antenada nas elei\u00e7\u00f5es.<\/p>\n<p>&#8220;Posso errar, mas tenho convic\u00e7\u00e3o de que vamos estar no segundo turno&#8221;, disse.<\/p>\n<p><strong>CARIRI EM A\u00c7\u00c3O<\/strong><\/p>\n<p><em>Com Folhapress\/Foto: Reprodu\u00e7\u00e3o Internet<\/em><\/p>\n<p><strong>Leia mais not\u00edcias em\u00a0<\/strong><a href=\"http:\/\/www.caririemacao.com\/\"><strong>caririemacao.com<\/strong><\/a><strong>, siga nossa p\u00e1gina no\u00a0<\/strong><a href=\"https:\/\/www.facebook.com\/CaririEmAcao\/?ref=aymt_homepage_panel\"><strong>Facebook<\/strong><\/a>,<strong>\u00a0<\/strong><a href=\"https:\/\/www.instagram.com\/cariri_em_acao\/?hl=pt-br\">Instagram<\/a><strong>\u00a0e <\/strong><a href=\"https:\/\/www.youtube.com\/channel\/UCAptA0jQuYQy8vMhLt2m4qg\">Youtube<\/a><strong>\u00a0e veja nossas mat\u00e9rias, v\u00eddeos e fotos. Voc\u00ea tamb\u00e9m pode enviar informa\u00e7\u00f5es \u00e0 Reda\u00e7\u00e3o do Portal Cariri em A\u00e7\u00e3o pelo WhatsApp (83) 9 9634.5791, (83) 9 9601-1162.<\/strong><\/p>\n","protected":false},"excerpt":{"rendered":"<p>Em palestra a alunos do Insper, nesta quinta-feira (17), o pr\u00e9-candidato a presidente Geraldo Alckmin (PSDB) afirmou que o presidente Michel Temer (MDB) n\u00e3o tentar\u00e1&hellip; <\/p>\n","protected":false},"author":2,"featured_media":39910,"comment_status":"closed","ping_status":"closed","sticky":false,"template":"","format":"standard","meta":{"sfsi_plus_gutenberg_text_before_share":"","sfsi_plus_gutenberg_show_text_before_share":"","sfsi_plus_gutenberg_icon_type":"","sfsi_plus_gutenberg_icon_alignemt":"","sfsi_plus_gutenburg_max_per_row":"","footnotes":""},"categories":[11],"tags":[],"class_list":["post-51431","post","type-post","status-publish","format-standard","has-post-thumbnail","hentry","category-politica"],"_links":{"self":[{"href":"https:\/\/www.caririemacao.com\/1\/wp-json\/wp\/v2\/posts\/51431","targetHints":{"allow":["GET"]}}],"collection":[{"href":"https:\/\/www.caririemacao.com\/1\/wp-json\/wp\/v2\/posts"}],"about":[{"href":"https:\/\/www.caririemacao.com\/1\/wp-json\/wp\/v2\/types\/post"}],"author":[{"embeddable":true,"href":"https:\/\/www.caririemacao.com\/1\/wp-json\/wp\/v2\/users\/2"}],"replies":[{"embeddable":true,"href":"https:\/\/www.caririemacao.com\/1\/wp-json\/wp\/v2\/comments?post=51431"}],"version-history":[{"count":0,"href":"https:\/\/www.caririemacao.com\/1\/wp-json\/wp\/v2\/posts\/51431\/revisions"}],"wp:featuredmedia":[{"embeddable":true,"href":"https:\/\/www.caririemacao.com\/1\/wp-json\/wp\/v2\/media\/39910"}],"wp:attachment":[{"href":"https:\/\/www.caririemacao.com\/1\/wp-json\/wp\/v2\/media?parent=51431"}],"wp:term":[{"taxonomy":"category","embeddable":true,"href":"https:\/\/www.caririemacao.com\/1\/wp-json\/wp\/v2\/categories?post=51431"},{"taxonomy":"post_tag","embeddable":true,"href":"https:\/\/www.caririemacao.com\/1\/wp-json\/wp\/v2\/tags?post=51431"}],"curies":[{"name":"wp","href":"https:\/\/api.w.org\/{rel}","templated":true}]}}