{"id":51433,"date":"2018-05-18T10:34:57","date_gmt":"2018-05-18T13:34:57","guid":{"rendered":"http:\/\/caririemacao.com\/1\/?p=51433"},"modified":"2018-05-18T10:34:57","modified_gmt":"2018-05-18T13:34:57","slug":"cerveja-nao-faz-bem-a-saude-diz-tribunal-alemao-ao-contestar-anuncio","status":"publish","type":"post","link":"https:\/\/www.caririemacao.com\/1\/2018\/05\/18\/cerveja-nao-faz-bem-a-saude-diz-tribunal-alemao-ao-contestar-anuncio\/","title":{"rendered":"Cerveja n\u00e3o faz bem \u00e0 sa\u00fade, diz tribunal alem\u00e3o ao contestar an\u00fancio"},"content":{"rendered":"<div class=\"mc-column\">\n<div class=\"content-publication-data\">\n<p class=\"content-publication-data__updated\">A cerveja n\u00e3o pode ser vendida como algo que faz bem, determinou um tribunal alem\u00e3o nesta quinta-feira (17) depois que um grupo de direitos do consumidor processou uma cervejaria por causa de um an\u00fancio que sugere falsamente que a cerveja traz benef\u00edcios para a sa\u00fade.<\/p>\n<\/div>\n<\/div>\n<div class=\"mc-article-body\">\n<article>\n<div class=\"mc-column content-text active-extra-styles \" data-block-type=\"unstyled\" data-block-weight=\"37\" data-block-id=\"2\">\n<p class=\"content-text__container \" data-track-category=\"Link no Texto\" data-track-links=\"\">A disputa com a cervejaria Haerle, situada em Leutkirch, cidade do sul da Alemanha, come\u00e7ou quando um grupo de prote\u00e7\u00e3o \u200bdo consumidor protestou contra o uso da palavra &#8220;bek\u00f6mmlich&#8221;, que tem conota\u00e7\u00f5es de sa\u00fade e de sabor.<\/p>\n<\/div>\n<div class=\"mc-column content-media content-media--normal  content-photo\" data-block-type=\"backstage-photo\" data-block-id=\"3\">\n<div class=\"content-media__container\">\n<div class=\"content-media__image-centered\">\n<div class=\"progressive-img can-open-lightbox\" data-min-size=\"1008x631\" data-min-size-url=\"https:\/\/s2.glbimg.com\/AgoZiLuOCH0VV21HulW2Ozz3pFg=\/0x0:1700x1065\/1008x0\/smart\/filters:strip_icc()\/i.s3.glbimg.com\/v1\/AUTH_59edd422c0c84a879bd37670ae4f538a\/internal_photos\/bs\/2018\/N\/P\/DY99v7SOAZ2Uc2tuE7Tg\/cervejas-artesanais-02.jpg\" data-max-size=\"1600x1002\" data-max-size-url=\"https:\/\/s2.glbimg.com\/-MzRT4DKz_j9QEwBs1U-vbuBE3w=\/0x0:1700x1065\/1600x0\/smart\/filters:strip_icc()\/i.s3.glbimg.com\/v1\/AUTH_59edd422c0c84a879bd37670ae4f538a\/internal_photos\/bs\/2018\/N\/P\/DY99v7SOAZ2Uc2tuE7Tg\/cervejas-artesanais-02.jpg\" data-media-index=\"0\">\n<div class=\"placeholder-container\">O Tribunal Federal de Justi\u00e7a alem\u00e3o manteve um veredicto de uma corte inferior, segundo a qual a palavra n\u00e3o pode ser usada em an\u00fancios de bebidas que cont\u00eam mais de 1,2% de \u00e1lcool.<\/div>\n<\/div>\n<\/div>\n<\/div>\n<\/div>\n<div class=\"mc-column content-text active-extra-styles \" data-block-type=\"unstyled\" data-block-weight=\"24\" data-block-id=\"5\">\n<p class=\"content-text__container \" data-track-category=\"Link no Texto\" data-track-links=\"\">A corte afirmou que &#8220;bek\u00f6mmlich&#8221;, que n\u00e3o tem tradu\u00e7\u00e3o exata, mas pode ser assemelhada a &#8220;salutar&#8221;, descreve mais do que o sabor da cerveja.<\/p>\n<\/div>\n<div class=\"mc-column content-text active-extra-styles \" data-block-type=\"unstyled\" data-block-weight=\"16\" data-block-id=\"6\">\n<p class=\"content-text__container \" data-track-category=\"Link no Texto\" data-track-links=\"\">&#8220;O termo &#8216;bek\u00f6mmlich&#8217; \u00e9 entendido pelo p\u00fablico relevante como &#8216;saud\u00e1vel&#8217;, &#8216;ben\u00e9fico&#8217; e &#8216;diger\u00edvel'&#8221;, disse o tribunal.<\/p>\n<\/div>\n<div class=\"mc-column content-text active-extra-styles \" data-block-type=\"unstyled\" data-block-weight=\"36\" data-block-id=\"7\">\n<p class=\"content-text__container \" data-track-category=\"Link no Texto\" data-track-links=\"\">Quando usado para descrever alimentos, significa que o produto \u00e9 absorvido e tolerado facilmente pelo sistema digestivo mesmo se consumido por longo prazo, argumentou a corte, acrescentando que a cerveja \u00e0s vezes causa problemas de sa\u00fade.<\/p>\n<\/div>\n<div data-track-category=\"fim do conteudo\" data-track-action=\"ultimo chunk conteudo\" data-track-noninteraction=\"false\" data-track-scroll=\"entrada completa viewport\">\n<div class=\"mc-column content-text active-extra-styles \" data-block-type=\"unstyled\" data-block-weight=\"49\" data-block-id=\"8\">\n<p class=\"content-text__container \" data-track-category=\"Link no Texto\" data-track-links=\"\">A Alemanha, antes a maior consumidora do mundo deste tipo de bebida e famosa pelo festival anual de cerveja Oktoberfest, testemunhou uma queda de consumo de 17% desde 1993, mas as cervejarias esperam que a Copa do Mundo, que come\u00e7a no m\u00eas que vem, provoque um crescimento nas vendas.<\/p>\n<p><strong>CARIRI EM A\u00c7\u00c3O<\/strong><\/p>\n<p><em>Com G1 \/Foto: Reprodu\u00e7\u00e3o Internet<\/em><\/p>\n<p><strong>Leia mais not\u00edcias em\u00a0<\/strong><a href=\"http:\/\/www.caririemacao.com\/\"><strong>caririemacao.com<\/strong><\/a><strong>, siga nossa p\u00e1gina no\u00a0<\/strong><a href=\"https:\/\/www.facebook.com\/CaririEmAcao\/?ref=aymt_homepage_panel\"><strong>Facebook<\/strong><\/a>,<strong>\u00a0<\/strong><a href=\"https:\/\/www.instagram.com\/cariri_em_acao\/?hl=pt-br\">Instagram<\/a><strong>\u00a0e <\/strong><a href=\"https:\/\/www.youtube.com\/channel\/UCAptA0jQuYQy8vMhLt2m4qg\">Youtube<\/a><strong>\u00a0e veja nossas mat\u00e9rias, v\u00eddeos e fotos. Voc\u00ea tamb\u00e9m pode enviar informa\u00e7\u00f5es \u00e0 Reda\u00e7\u00e3o do Portal Cariri em A\u00e7\u00e3o pelo WhatsApp (83) 9 9634.5791, (83) 9 9601-1162.<\/strong><\/p>\n<\/div>\n<\/div>\n<\/article>\n<\/div>\n","protected":false},"excerpt":{"rendered":"<p>A cerveja n\u00e3o pode ser vendida como algo que faz bem, determinou um tribunal alem\u00e3o nesta quinta-feira (17) depois que um grupo de direitos do&hellip; <\/p>\n","protected":false},"author":2,"featured_media":51434,"comment_status":"closed","ping_status":"closed","sticky":false,"template":"","format":"standard","meta":{"sfsi_plus_gutenberg_text_before_share":"","sfsi_plus_gutenberg_show_text_before_share":"","sfsi_plus_gutenberg_icon_type":"","sfsi_plus_gutenberg_icon_alignemt":"","sfsi_plus_gutenburg_max_per_row":"","footnotes":""},"categories":[16],"tags":[],"class_list":["post-51433","post","type-post","status-publish","format-standard","has-post-thumbnail","hentry","category-saude"],"_links":{"self":[{"href":"https:\/\/www.caririemacao.com\/1\/wp-json\/wp\/v2\/posts\/51433","targetHints":{"allow":["GET"]}}],"collection":[{"href":"https:\/\/www.caririemacao.com\/1\/wp-json\/wp\/v2\/posts"}],"about":[{"href":"https:\/\/www.caririemacao.com\/1\/wp-json\/wp\/v2\/types\/post"}],"author":[{"embeddable":true,"href":"https:\/\/www.caririemacao.com\/1\/wp-json\/wp\/v2\/users\/2"}],"replies":[{"embeddable":true,"href":"https:\/\/www.caririemacao.com\/1\/wp-json\/wp\/v2\/comments?post=51433"}],"version-history":[{"count":0,"href":"https:\/\/www.caririemacao.com\/1\/wp-json\/wp\/v2\/posts\/51433\/revisions"}],"wp:featuredmedia":[{"embeddable":true,"href":"https:\/\/www.caririemacao.com\/1\/wp-json\/wp\/v2\/media\/51434"}],"wp:attachment":[{"href":"https:\/\/www.caririemacao.com\/1\/wp-json\/wp\/v2\/media?parent=51433"}],"wp:term":[{"taxonomy":"category","embeddable":true,"href":"https:\/\/www.caririemacao.com\/1\/wp-json\/wp\/v2\/categories?post=51433"},{"taxonomy":"post_tag","embeddable":true,"href":"https:\/\/www.caririemacao.com\/1\/wp-json\/wp\/v2\/tags?post=51433"}],"curies":[{"name":"wp","href":"https:\/\/api.w.org\/{rel}","templated":true}]}}