{"id":51436,"date":"2018-05-18T10:37:30","date_gmt":"2018-05-18T13:37:30","guid":{"rendered":"http:\/\/caririemacao.com\/1\/?p=51436"},"modified":"2018-05-18T10:37:30","modified_gmt":"2018-05-18T13:37:30","slug":"flamengo-suspende-o-contrato-de-guerrero-pela-segunda-vez","status":"publish","type":"post","link":"https:\/\/www.caririemacao.com\/1\/2018\/05\/18\/flamengo-suspende-o-contrato-de-guerrero-pela-segunda-vez\/","title":{"rendered":"Flamengo suspende o contrato de Guerrero pela segunda vez"},"content":{"rendered":"<div class=\"mc-column\">\n<div class=\"content-publication-data\">\n<p class=\"content-publication-data__updated\">O contrato de Guerrero com o Flamengo est\u00e1 novamente suspenso. O clube decidiu interromper pela segunda vez os pagamentos do peruano. A decis\u00e3o foi tomada ap\u00f3s o Tribunal Arbitral do Esporte (TAS) ampliar, na \u00faltima segunda-feira, a suspens\u00e3o do atacante para 14 meses. O GloboEsporte.com confirmou a informa\u00e7\u00e3o publicada pelo \u201cExtra\u201d.<\/p>\n<\/div>\n<\/div>\n<div class=\"mc-article-body\">\n<article>\n<div class=\"mc-column content-text active-extra-styles \" data-block-type=\"unstyled\" data-block-weight=\"42\" data-block-id=\"3\">\n<p class=\"content-text__container \" data-track-category=\"Link no Texto\" data-track-links=\"\">Guerrero tem contrato com o Flamengo at\u00e9 10 de agosto e o fim de seu ciclo no clube parece cada vez mais pr\u00f3ximo. As partes negociavam a renova\u00e7\u00e3o, mas aguardavam o uma posi\u00e7\u00e3o definitiva no TAS, o que aconteceu na \u00faltima segunda.<\/p>\n<\/div>\n<div class=\"mc-column content-text active-extra-styles \" data-block-type=\"unstyled\" data-block-weight=\"53\" data-block-id=\"5\">\n<p class=\"content-text__container \" data-track-category=\"Link no Texto\" data-track-links=\"\">Um dos impasses da negocia\u00e7\u00e3o era justamente o fato de o Flamengo ter suspendido o contrato na primeira vez. Guerrero n\u00e3o gostou de a suspens\u00e3o de seus vencimentos ter vindo a p\u00fablico, amea\u00e7ou romper rela\u00e7\u00f5es com o Rubro-Negro e queria receber sal\u00e1rios retroativos referente aos tr\u00eas meses em que seu contrato foi suspenso.<\/p>\n<\/div>\n<div class=\"mc-column content-text active-extra-styles \" data-block-type=\"unstyled\" data-block-weight=\"72\" data-block-id=\"6\">\n<p class=\"content-text__container \" data-track-category=\"Link no Texto\" data-track-links=\"\">A suspens\u00e3o do contrato est\u00e1 prevista na legisla\u00e7\u00e3o. A Lei diz que diz que &#8220;a entidade de pr\u00e1tica desportiva poder\u00e1 suspender o contrato especial de trabalho desportivo do atleta profissional, ficando dispensada do pagamento da remunera\u00e7\u00e3o nesse per\u00edodo, quando o atleta for impedido de atuar, por prazo ininterrupto superior a 90 (noventa) dias, em decorr\u00eancia de ato ou evento de sua exclusiva responsabilidade, desvinculado da atividade profissional, conforme previsto no referido contrato&#8221;.<\/p>\n<\/div>\n<div data-track-category=\"fim do conteudo\" data-track-action=\"ultimo chunk conteudo\" data-track-noninteraction=\"false\" data-track-scroll=\"entrada completa viewport\">\n<div class=\"mc-column content-text active-extra-styles \" data-block-type=\"unstyled\" data-block-weight=\"22\" data-block-id=\"7\">\n<p class=\"content-text__container \" data-track-category=\"Link no Texto\" data-track-links=\"\">No contrato de trabalho entre Guerrero e o Flamengo tamb\u00e9m havia previs\u00e3o de suspens\u00e3o de contrato em casos &#8220;desvinculados de atividades profissionais&#8221;.<\/p>\n<p><strong>CARIRI EM A\u00c7\u00c3O<\/strong><\/p>\n<p><em>Com G1 \/Foto: Reprodu\u00e7\u00e3o Internet<\/em><\/p>\n<p><strong>Leia mais not\u00edcias em\u00a0<\/strong><a href=\"http:\/\/www.caririemacao.com\/\"><strong>caririemacao.com<\/strong><\/a><strong>, siga nossa p\u00e1gina no\u00a0<\/strong><a href=\"https:\/\/www.facebook.com\/CaririEmAcao\/?ref=aymt_homepage_panel\"><strong>Facebook<\/strong><\/a>,<strong>\u00a0<\/strong><a href=\"https:\/\/www.instagram.com\/cariri_em_acao\/?hl=pt-br\">Instagram<\/a><strong>\u00a0e <\/strong><a href=\"https:\/\/www.youtube.com\/channel\/UCAptA0jQuYQy8vMhLt2m4qg\">Youtube<\/a><strong>\u00a0e veja nossas mat\u00e9rias, v\u00eddeos e fotos. Voc\u00ea tamb\u00e9m pode enviar informa\u00e7\u00f5es \u00e0 Reda\u00e7\u00e3o do Portal Cariri em A\u00e7\u00e3o pelo WhatsApp (83) 9 9634.5791, (83) 9 9601-1162.<\/strong><\/p>\n<\/div>\n<\/div>\n<\/article>\n<\/div>\n","protected":false},"excerpt":{"rendered":"<p>O contrato de Guerrero com o Flamengo est\u00e1 novamente suspenso. O clube decidiu interromper pela segunda vez os pagamentos do peruano. A decis\u00e3o foi tomada&hellip; <\/p>\n","protected":false},"author":2,"featured_media":51437,"comment_status":"closed","ping_status":"closed","sticky":false,"template":"","format":"standard","meta":{"sfsi_plus_gutenberg_text_before_share":"","sfsi_plus_gutenberg_show_text_before_share":"","sfsi_plus_gutenberg_icon_type":"","sfsi_plus_gutenberg_icon_alignemt":"","sfsi_plus_gutenburg_max_per_row":"","footnotes":""},"categories":[13],"tags":[],"class_list":["post-51436","post","type-post","status-publish","format-standard","has-post-thumbnail","hentry","category-esportes"],"_links":{"self":[{"href":"https:\/\/www.caririemacao.com\/1\/wp-json\/wp\/v2\/posts\/51436","targetHints":{"allow":["GET"]}}],"collection":[{"href":"https:\/\/www.caririemacao.com\/1\/wp-json\/wp\/v2\/posts"}],"about":[{"href":"https:\/\/www.caririemacao.com\/1\/wp-json\/wp\/v2\/types\/post"}],"author":[{"embeddable":true,"href":"https:\/\/www.caririemacao.com\/1\/wp-json\/wp\/v2\/users\/2"}],"replies":[{"embeddable":true,"href":"https:\/\/www.caririemacao.com\/1\/wp-json\/wp\/v2\/comments?post=51436"}],"version-history":[{"count":0,"href":"https:\/\/www.caririemacao.com\/1\/wp-json\/wp\/v2\/posts\/51436\/revisions"}],"wp:featuredmedia":[{"embeddable":true,"href":"https:\/\/www.caririemacao.com\/1\/wp-json\/wp\/v2\/media\/51437"}],"wp:attachment":[{"href":"https:\/\/www.caririemacao.com\/1\/wp-json\/wp\/v2\/media?parent=51436"}],"wp:term":[{"taxonomy":"category","embeddable":true,"href":"https:\/\/www.caririemacao.com\/1\/wp-json\/wp\/v2\/categories?post=51436"},{"taxonomy":"post_tag","embeddable":true,"href":"https:\/\/www.caririemacao.com\/1\/wp-json\/wp\/v2\/tags?post=51436"}],"curies":[{"name":"wp","href":"https:\/\/api.w.org\/{rel}","templated":true}]}}