{"id":51439,"date":"2018-05-18T10:45:57","date_gmt":"2018-05-18T13:45:57","guid":{"rendered":"http:\/\/caririemacao.com\/1\/?p=51439"},"modified":"2018-05-18T10:45:57","modified_gmt":"2018-05-18T13:45:57","slug":"ricardo-participa-de-evento-que-incentiva-potencial-empreendedor-dos-estudantes-da-rede-publica","status":"publish","type":"post","link":"https:\/\/www.caririemacao.com\/1\/2018\/05\/18\/ricardo-participa-de-evento-que-incentiva-potencial-empreendedor-dos-estudantes-da-rede-publica\/","title":{"rendered":"Ricardo participa de evento que incentiva potencial empreendedor dos estudantes da rede p\u00fablica"},"content":{"rendered":"<p>O governador Ricardo Coutinho participou, nesta quarta-feira (16), do Campus Academy, evento que visa orientar e dar\u00a0oportunidades\u00a0a jovens interessados no empreendedorismo e na gest\u00e3o empresarial. Cerca de 400 estudantes do ensino m\u00e9dio da rede p\u00fablica ser\u00e3o capacitados durante o Campus Academy, que faz parte do Campus Festival, reconhecido como o maior festival universit\u00e1rio do Norte\/Nordeste. O Campus Academy acontece at\u00e9 sexta-feira (18), no Espa\u00e7o Cultural Jos\u00e9 Lins do Rego, em Jo\u00e3o Pessoa.<\/p>\n<p>Em seu pronunciamento, o governador Ricardo Coutinho destacou que o Campus Academy foi formulado no ano passado objetivando movimentar a rede estadual de ensino e oferecer uma educa\u00e7\u00e3o mais\u00a0atraente\u00a0e criativa. \u201cO estudante precisa entender que as coisas que ele aprende na escola t\u00eam que servir para a vida. Este evento vem trazer conhecimentos sobre empreendedorismo, tecnologia e inova\u00e7\u00e3o para os estudantes, ampliando os horizontes e estimulando a capacidade empreendedora dos jovens\u201d, destacou.<\/p>\n<p>O governador ainda acrescentou que,\u00a0atualmente, na Para\u00edba h\u00e1 33 escolas t\u00e9cnicas, dentre as 100 escolas de ensino integral, o que caracteriza um grande salto na qualidade da rede estadual. \u201cEstamos construindo espa\u00e7os de evolu\u00e7\u00e3o da educa\u00e7\u00e3o. A escola tem que ser, cada vez mais, atraente e motivadora\u201d, analisou.<\/p>\n<p>Para o secret\u00e1rio da Educa\u00e7\u00e3o, Al\u00e9ssio Trindade, o evento representa uma imers\u00e3o de inova\u00e7\u00e3o, empreendedorismo e resolu\u00e7\u00e3o de problemas que simbolizam a raz\u00e3o de um projeto pedag\u00f3gico implantado pelo Governo do Estado. \u201cTudo isso visa formar jovens e escolas protagonistas. Queremos estudantes capacitados para contribuir com o desenvolvimento da sociedade e o Campus Academy vem dar mais uma boa oportunidade para o aluno da rede estadual desenvolver seu potencial. O evento vai reunir estudantes de todas as regi\u00f5es da Para\u00edba\u201d, afirmou o secret\u00e1rio.<\/p>\n<p>A secret\u00e1ria executiva de Ci\u00eancia e Tecnologia, Francilene Proc\u00f3pio, explicou que o Campus Academy \u00e9 uma experi\u00eancia piloto que promete gerar bons resultados. \u201cEssa a\u00e7\u00e3o pioneira est\u00e1 sendo feita com base nas transforma\u00e7\u00f5es que v\u00eam ocorrendo, nos \u00faltimos anos, na rede estadual de ensino. O objetivo \u00e9 que os estudantes se tornem agentes transformadores, capazes de inovar profissionalmente e serem protagonistas de suas vidas\u201d, pontuou.<\/p>\n<p>\u201cSer parceiro neste evento significa colaborar para que os jovens construam um futuro melhor. Estes estudantes devem ser protagonistas da pr\u00f3pria realidade e n\u00f3s estamos apostando no potencial dos jovens das escolas p\u00fablicas. Est\u00e1 nas m\u00e3os deles o futuro deste pa\u00eds\u201d, observou o superintendente do Sebrae-PB, Walter Aguiar.<\/p>\n<p>De acordo com o diretor-geral do Campus Festival, Will Fonseca, a chegada do Campus Academy vem somar ao evento e contribuir para a forma\u00e7\u00e3o de novos empreendedores na Para\u00edba. \u201cCom este evento, estamos estimulando o protagonismo juvenil nas escolas da rede p\u00fablica\u201d, disse Will Fonseca, ao comentar que acredita na capacidade inovadora e empreendedora dos estudantes paraibanos.<\/p>\n<p>Alunos de dez escolas com ensino integral est\u00e3o participando desta edi\u00e7\u00e3o do Campus Academy. Durante o evento, eles acompanham palestras, oficinas, debates e passam por maratonas e disputas. Os alunos s\u00e3o divididos em equipes orientadas por professores e s\u00e3o estimulados a desenvolverem projetos voltados para o empreendedorismo, inova\u00e7\u00e3o e tecnologia. As tr\u00eas primeiras equipes com melhores resultados ser\u00e3o premiadas.<\/p>\n<p>Vin\u00edcius Ara\u00fajo \u00e9 estudante da Escola Cidad\u00e3 Integral T\u00e9cnica de Bayeux e estava empolgado com a participa\u00e7\u00e3o no Campus Academy. \u201cIsso aqui tamb\u00e9m \u00e9 uma aula, mas feita de forma criativa, atrav\u00e9s de uma competi\u00e7\u00e3o motivadora, o que faz com que a gente aprenda sobre empreendedorismo de forma pr\u00e1tica. Eu e meus amigos gostamos muito da iniciativa e vamos nos esfor\u00e7ar para conquistar o primeiro lugar na disputa\u201d, garantiu.<\/p>\n<p><strong>CARIRI EM A\u00c7\u00c3O<\/strong><\/p>\n<p><em>Com Secom\/Foto: Reprodu\u00e7\u00e3o Internet<\/em><\/p>\n<p><strong>Leia mais not\u00edcias em\u00a0<\/strong><a href=\"http:\/\/www.caririemacao.com\/\"><strong>caririemacao.com<\/strong><\/a><strong>, siga nossa p\u00e1gina no\u00a0<\/strong><a href=\"https:\/\/www.facebook.com\/CaririEmAcao\/?ref=aymt_homepage_panel\"><strong>Facebook<\/strong><\/a>,<strong>\u00a0<\/strong><a href=\"https:\/\/www.instagram.com\/cariri_em_acao\/?hl=pt-br\">Instagram<\/a><strong>\u00a0e <\/strong><a href=\"https:\/\/www.youtube.com\/channel\/UCAptA0jQuYQy8vMhLt2m4qg\">Youtube<\/a><strong>\u00a0e veja nossas mat\u00e9rias, v\u00eddeos e fotos. Voc\u00ea tamb\u00e9m pode enviar informa\u00e7\u00f5es \u00e0 Reda\u00e7\u00e3o do Portal Cariri em A\u00e7\u00e3o pelo WhatsApp (83) 9 9634.5791, (83) 9 9601-1162.<\/strong><\/p>\n","protected":false},"excerpt":{"rendered":"<p>O governador Ricardo Coutinho participou, nesta quarta-feira (16), do Campus Academy, evento que visa orientar e dar\u00a0oportunidades\u00a0a jovens interessados no empreendedorismo e na gest\u00e3o empresarial.&hellip; <\/p>\n","protected":false},"author":2,"featured_media":33846,"comment_status":"closed","ping_status":"closed","sticky":false,"template":"","format":"standard","meta":{"sfsi_plus_gutenberg_text_before_share":"","sfsi_plus_gutenberg_show_text_before_share":"","sfsi_plus_gutenberg_icon_type":"","sfsi_plus_gutenberg_icon_alignemt":"","sfsi_plus_gutenburg_max_per_row":"","footnotes":""},"categories":[11],"tags":[],"class_list":["post-51439","post","type-post","status-publish","format-standard","has-post-thumbnail","hentry","category-politica"],"_links":{"self":[{"href":"https:\/\/www.caririemacao.com\/1\/wp-json\/wp\/v2\/posts\/51439","targetHints":{"allow":["GET"]}}],"collection":[{"href":"https:\/\/www.caririemacao.com\/1\/wp-json\/wp\/v2\/posts"}],"about":[{"href":"https:\/\/www.caririemacao.com\/1\/wp-json\/wp\/v2\/types\/post"}],"author":[{"embeddable":true,"href":"https:\/\/www.caririemacao.com\/1\/wp-json\/wp\/v2\/users\/2"}],"replies":[{"embeddable":true,"href":"https:\/\/www.caririemacao.com\/1\/wp-json\/wp\/v2\/comments?post=51439"}],"version-history":[{"count":0,"href":"https:\/\/www.caririemacao.com\/1\/wp-json\/wp\/v2\/posts\/51439\/revisions"}],"wp:featuredmedia":[{"embeddable":true,"href":"https:\/\/www.caririemacao.com\/1\/wp-json\/wp\/v2\/media\/33846"}],"wp:attachment":[{"href":"https:\/\/www.caririemacao.com\/1\/wp-json\/wp\/v2\/media?parent=51439"}],"wp:term":[{"taxonomy":"category","embeddable":true,"href":"https:\/\/www.caririemacao.com\/1\/wp-json\/wp\/v2\/categories?post=51439"},{"taxonomy":"post_tag","embeddable":true,"href":"https:\/\/www.caririemacao.com\/1\/wp-json\/wp\/v2\/tags?post=51439"}],"curies":[{"name":"wp","href":"https:\/\/api.w.org\/{rel}","templated":true}]}}