{"id":51441,"date":"2018-05-18T10:47:55","date_gmt":"2018-05-18T13:47:55","guid":{"rendered":"http:\/\/caririemacao.com\/1\/?p=51441"},"modified":"2018-05-18T10:47:55","modified_gmt":"2018-05-18T13:47:55","slug":"prf-diz-que-transito-nas-rodovias-federais-da-pb-esta-normal-sem-bloqueios","status":"publish","type":"post","link":"https:\/\/www.caririemacao.com\/1\/2018\/05\/18\/prf-diz-que-transito-nas-rodovias-federais-da-pb-esta-normal-sem-bloqueios\/","title":{"rendered":"PRF diz que tr\u00e2nsito nas rodovias federais da PB est\u00e1 normal, sem bloqueios"},"content":{"rendered":"<p>O tr\u00e2nsito nas BRs 230, 101, 116 e 104 est\u00e1 normal, segundo informa\u00e7\u00f5es da Pol\u00edcia Rodovi\u00e1ria Federal (PRF) na Para\u00edba.<\/p>\n<p>A PRF, por meio dos policiais que est\u00e3o trabalhando nesta sexta-feira (18), est\u00e1 monitorando o tr\u00e2nsito desde as primeira horas da manh\u00e3 de hoje e at\u00e9 agora n\u00e3o h\u00e1 registro de nenhum protesto ou bloqueio de rodovias.<\/p>\n<p>Informa\u00e7\u00f5es divulgadas na noite de ontem (17) nas redes sociais e sites de not\u00edcias davam conta de que caminhoneiros e ca\u00e7ambeiros fariam um protesto nesta sexta-feira (18) contra o alto valor cobrado pelo \u00f3leo diesel, que aqui na Para\u00edba, se aproxima dos R$ 4 reais por litro, e tamb\u00e9m por melhorias de trabalho e aumento nos valores dos fretes.<\/p>\n<p>Segundo essas informa\u00e7\u00f5es que circularam nas redes sociais, manifestantes iriam bloquear as entradas e sa\u00eddas das BR federais que d\u00e3o acesso a Jo\u00e3o Pessoa, no caso, 230 e 101, como tamb\u00e9m as principais Avenidas da Capital paraibana.<\/p>\n<p><strong>CARIRI EM A\u00c7\u00c3O<\/strong><\/p>\n<p><em>Com PB Hoje\/Foto: Reprodu\u00e7\u00e3o Internet<\/em><\/p>\n<p><strong>Leia mais not\u00edcias em\u00a0<\/strong><a href=\"http:\/\/www.caririemacao.com\/\"><strong>caririemacao.com<\/strong><\/a><strong>, siga nossa p\u00e1gina no\u00a0<\/strong><a href=\"https:\/\/www.facebook.com\/CaririEmAcao\/?ref=aymt_homepage_panel\"><strong>Facebook<\/strong><\/a>,<strong>\u00a0<\/strong><a href=\"https:\/\/www.instagram.com\/cariri_em_acao\/?hl=pt-br\">Instagram<\/a><strong>\u00a0e <\/strong><a href=\"https:\/\/www.youtube.com\/channel\/UCAptA0jQuYQy8vMhLt2m4qg\">Youtube<\/a><strong>\u00a0e veja nossas mat\u00e9rias, v\u00eddeos e fotos. Voc\u00ea tamb\u00e9m pode enviar informa\u00e7\u00f5es \u00e0 Reda\u00e7\u00e3o do Portal Cariri em A\u00e7\u00e3o pelo WhatsApp (83) 9 9634.5791, (83) 9 9601-1162.<\/strong><\/p>\n","protected":false},"excerpt":{"rendered":"<p>O tr\u00e2nsito nas BRs 230, 101, 116 e 104 est\u00e1 normal, segundo informa\u00e7\u00f5es da Pol\u00edcia Rodovi\u00e1ria Federal (PRF) na Para\u00edba. A PRF, por meio dos&hellip; <\/p>\n","protected":false},"author":2,"featured_media":30846,"comment_status":"closed","ping_status":"closed","sticky":false,"template":"","format":"standard","meta":{"sfsi_plus_gutenberg_text_before_share":"","sfsi_plus_gutenberg_show_text_before_share":"","sfsi_plus_gutenberg_icon_type":"","sfsi_plus_gutenberg_icon_alignemt":"","sfsi_plus_gutenburg_max_per_row":"","footnotes":""},"categories":[2],"tags":[],"class_list":["post-51441","post","type-post","status-publish","format-standard","has-post-thumbnail","hentry","category-geral"],"_links":{"self":[{"href":"https:\/\/www.caririemacao.com\/1\/wp-json\/wp\/v2\/posts\/51441","targetHints":{"allow":["GET"]}}],"collection":[{"href":"https:\/\/www.caririemacao.com\/1\/wp-json\/wp\/v2\/posts"}],"about":[{"href":"https:\/\/www.caririemacao.com\/1\/wp-json\/wp\/v2\/types\/post"}],"author":[{"embeddable":true,"href":"https:\/\/www.caririemacao.com\/1\/wp-json\/wp\/v2\/users\/2"}],"replies":[{"embeddable":true,"href":"https:\/\/www.caririemacao.com\/1\/wp-json\/wp\/v2\/comments?post=51441"}],"version-history":[{"count":0,"href":"https:\/\/www.caririemacao.com\/1\/wp-json\/wp\/v2\/posts\/51441\/revisions"}],"wp:featuredmedia":[{"embeddable":true,"href":"https:\/\/www.caririemacao.com\/1\/wp-json\/wp\/v2\/media\/30846"}],"wp:attachment":[{"href":"https:\/\/www.caririemacao.com\/1\/wp-json\/wp\/v2\/media?parent=51441"}],"wp:term":[{"taxonomy":"category","embeddable":true,"href":"https:\/\/www.caririemacao.com\/1\/wp-json\/wp\/v2\/categories?post=51441"},{"taxonomy":"post_tag","embeddable":true,"href":"https:\/\/www.caririemacao.com\/1\/wp-json\/wp\/v2\/tags?post=51441"}],"curies":[{"name":"wp","href":"https:\/\/api.w.org\/{rel}","templated":true}]}}