{"id":51443,"date":"2018-05-18T10:50:06","date_gmt":"2018-05-18T13:50:06","guid":{"rendered":"http:\/\/caririemacao.com\/1\/?p=51443"},"modified":"2018-05-18T10:50:06","modified_gmt":"2018-05-18T13:50:06","slug":"preso-prende-suspeito-de-tentar-matar-homossexual","status":"publish","type":"post","link":"https:\/\/www.caririemacao.com\/1\/2018\/05\/18\/preso-prende-suspeito-de-tentar-matar-homossexual\/","title":{"rendered":"Preso prende suspeito de tentar matar homossexual"},"content":{"rendered":"<p>Nesta quinta-feira (17), a Pol\u00edcia Militar prendeu o suspeito de tentar matar Danilo Honorato da Silva nessa quarta-feira (16) no bairro Tibiri, em Santa Rita. De acordo com as investiga\u00e7\u00f5es o crime teria sido motivado pelo fato da v\u00edtima ser homossexual.<\/p>\n<p>De acordo com informa\u00e7\u00f5es da Pol\u00edcia Militar, o rapaz foi preso em casa e levado para 6\u00aa Delegacia Distrital, onde foi verificado que ele possui antecedentes criminais por porte de armas de fogo e tentativas de homic\u00eddio.<\/p>\n<p>O acusado vai responder pelos crimes de porte de arma de fogo, les\u00e3o corporal e homofobia. A v\u00edtima n\u00e3o possui passagens na pol\u00edcia, e \u00e9 conhecido na comunidade por cuidar de idosos.<\/p>\n<p><strong>CARIRI EM A\u00c7\u00c3O<\/strong><\/p>\n<p><em>Com pbhoje\/Foto: Reprodu\u00e7\u00e3o Internet<\/em><\/p>\n<p><strong>Leia mais not\u00edcias em\u00a0<\/strong><a href=\"http:\/\/www.caririemacao.com\/\"><strong>caririemacao.com<\/strong><\/a><strong>, siga nossa p\u00e1gina no\u00a0<\/strong><a href=\"https:\/\/www.facebook.com\/CaririEmAcao\/?ref=aymt_homepage_panel\"><strong>Facebook<\/strong><\/a>,<strong>\u00a0<\/strong><a href=\"https:\/\/www.instagram.com\/cariri_em_acao\/?hl=pt-br\">Instagram<\/a><strong>\u00a0e <\/strong><a href=\"https:\/\/www.youtube.com\/channel\/UCAptA0jQuYQy8vMhLt2m4qg\">Youtube<\/a><strong>\u00a0e veja nossas mat\u00e9rias, v\u00eddeos e fotos. Voc\u00ea tamb\u00e9m pode enviar informa\u00e7\u00f5es \u00e0 Reda\u00e7\u00e3o do Portal Cariri em A\u00e7\u00e3o pelo WhatsApp (83) 9 9634.5791, (83) 9 9601-1162.<\/strong><\/p>\n","protected":false},"excerpt":{"rendered":"<p>Nesta quinta-feira (17), a Pol\u00edcia Militar prendeu o suspeito de tentar matar Danilo Honorato da Silva nessa quarta-feira (16) no bairro Tibiri, em Santa Rita.&hellip; <\/p>\n","protected":false},"author":2,"featured_media":23807,"comment_status":"closed","ping_status":"closed","sticky":false,"template":"","format":"standard","meta":{"sfsi_plus_gutenberg_text_before_share":"","sfsi_plus_gutenberg_show_text_before_share":"","sfsi_plus_gutenberg_icon_type":"","sfsi_plus_gutenberg_icon_alignemt":"","sfsi_plus_gutenburg_max_per_row":"","footnotes":""},"categories":[12],"tags":[],"class_list":["post-51443","post","type-post","status-publish","format-standard","has-post-thumbnail","hentry","category-policia"],"_links":{"self":[{"href":"https:\/\/www.caririemacao.com\/1\/wp-json\/wp\/v2\/posts\/51443","targetHints":{"allow":["GET"]}}],"collection":[{"href":"https:\/\/www.caririemacao.com\/1\/wp-json\/wp\/v2\/posts"}],"about":[{"href":"https:\/\/www.caririemacao.com\/1\/wp-json\/wp\/v2\/types\/post"}],"author":[{"embeddable":true,"href":"https:\/\/www.caririemacao.com\/1\/wp-json\/wp\/v2\/users\/2"}],"replies":[{"embeddable":true,"href":"https:\/\/www.caririemacao.com\/1\/wp-json\/wp\/v2\/comments?post=51443"}],"version-history":[{"count":0,"href":"https:\/\/www.caririemacao.com\/1\/wp-json\/wp\/v2\/posts\/51443\/revisions"}],"wp:featuredmedia":[{"embeddable":true,"href":"https:\/\/www.caririemacao.com\/1\/wp-json\/wp\/v2\/media\/23807"}],"wp:attachment":[{"href":"https:\/\/www.caririemacao.com\/1\/wp-json\/wp\/v2\/media?parent=51443"}],"wp:term":[{"taxonomy":"category","embeddable":true,"href":"https:\/\/www.caririemacao.com\/1\/wp-json\/wp\/v2\/categories?post=51443"},{"taxonomy":"post_tag","embeddable":true,"href":"https:\/\/www.caririemacao.com\/1\/wp-json\/wp\/v2\/tags?post=51443"}],"curies":[{"name":"wp","href":"https:\/\/api.w.org\/{rel}","templated":true}]}}