{"id":51445,"date":"2018-05-18T10:55:29","date_gmt":"2018-05-18T13:55:29","guid":{"rendered":"http:\/\/caririemacao.com\/1\/?p=51445"},"modified":"2018-05-18T10:56:19","modified_gmt":"2018-05-18T13:56:19","slug":"edital-de-selecao-da-uepb-para-analista-de-sistemas-e-retificado-e-inscricoes-vao-ser-reabertas","status":"publish","type":"post","link":"https:\/\/www.caririemacao.com\/1\/2018\/05\/18\/edital-de-selecao-da-uepb-para-analista-de-sistemas-e-retificado-e-inscricoes-vao-ser-reabertas\/","title":{"rendered":"Edital de sele\u00e7\u00e3o da UEPB para analista de sistemas \u00e9 retificado e inscri\u00e7\u00f5es v\u00e3o ser reabertas"},"content":{"rendered":"<div class=\"mc-column content-media content-media--normal content-photo\" data-block-type=\"backstage-photo\" data-block-id=\"0\">\n<div class=\"content-media__container\">\n<div class=\"content-media__description-centered \">\n<p class=\"content-media__description\">O edital do processo seletivo da Universidade Estadual da Para\u00edba (UEPB) para 20 vagas de desenvolvedor analista de sistema foi retificado nesta sexta-feira (18). As inscri\u00e7\u00f5es v\u00e3o ser reabertas na segunda-feira (21), ap\u00f3s a\u00a0sele\u00e7\u00e3o ter sido suspensa pela Justi\u00e7a estadual. A prova objetiva estava marcada para este domingo (20). Com a retifica\u00e7\u00e3o, o edital agora reserva de 5% das vagas para pessoas com defici\u00eancia (f\u00edsica, auditiva, visual, mental ou m\u00faltipla).<\/p>\n<\/div>\n<\/div>\n<\/div>\n<div class=\"mc-column content-text active-extra-styles \" data-block-type=\"unstyled\" data-block-weight=\"39\" data-block-id=\"3\">\n<p class=\"content-text__container \" data-track-category=\"Link no Texto\" data-track-links=\"\">O edital publicado no site da Comiss\u00e3o Permanente de Concursos da institui\u00e7\u00e3o (CPCon) prev\u00ea remunera\u00e7\u00e3o de R$ 3.362,80. As inscri\u00e7\u00f5es ficam abertas at\u00e9 o dia 27 de maio e as provas est\u00e3o previstas para o dia 17 de junho.<\/p>\n<\/div>\n<div class=\"mc-column content-text active-extra-styles \" data-block-type=\"unstyled\" data-block-weight=\"64\" data-block-id=\"5\">\n<p class=\"content-text__container \" data-track-category=\"Link no Texto\" data-track-links=\"\">A suspens\u00e3o do concurso foi um pedido da Defensoria P\u00fablica da Para\u00edba, em rela\u00e7\u00e3o a dois editais de sele\u00e7\u00f5es da UEPB &#8211; com 42 vagas para agente de portaria e 20 vagas para analistas desenvolvedores de sistema. Segundo o defensor Marcel Joffily, os editais n\u00e3o previam cotas raciais e, al\u00e9m disso, o de analista de sistema n\u00e3o tinha vagas reservadas para candidatos com defici\u00eancia.<\/p>\n<\/div>\n<div class=\"mc-column content-text active-extra-styles\" data-block-type=\"raw\" data-block-weight=\"7\" data-block-id=\"6\">\n<div class=\"content-intertitle\">\n<p><strong>Edital para analista de sistemas da UEPB<\/strong><\/p>\n<\/div>\n<\/div>\n<div class=\"mc-column content-text active-extra-styles \" data-block-type=\"unstyled\" data-block-weight=\"58\" data-block-id=\"7\">\n<p class=\"content-text__container \" data-track-category=\"Link no Texto\" data-track-links=\"\">De acordo com o edital, para concorrer ao cargo, o candidato precisa ter n\u00edvel superior em ci\u00eancias da computa\u00e7\u00e3o ou \u00e1reas afins, al\u00e9m de um ano de experi\u00eancia comprovada com desenvolvimento em JAVA2EE (Servlet, JSP, JSTL, JSF) ou frameworks baseados em Javascript. Al\u00e9m disso, \u00e9 necess\u00e1rio conhecimento pr\u00e1tico nas tecnologias React (javascript), Primefaces (JSF), Spring boot e Hibernate.<\/p>\n<\/div>\n<div class=\"mc-column content-text active-extra-styles\" data-block-type=\"raw\" data-block-weight=\"5\" data-block-id=\"8\">\n<div class=\"content-intertitle\">\n<p><strong>Inscri\u00e7\u00f5es e prazos da sele\u00e7\u00e3o<\/strong><\/p>\n<\/div>\n<\/div>\n<div class=\"mc-column content-text active-extra-styles \" data-block-type=\"unstyled\" data-block-weight=\"71\" data-block-id=\"9\">\n<p class=\"content-text__container \" data-track-category=\"Link no Texto\" data-track-links=\"\">As inscri\u00e7\u00f5es devem ser feitas exclusivamente pela internet, no site da CPCon, das 10h do dia 21 de maio at\u00e9 as 23h59 do dia 27 de maio. Para confirmar a inscri\u00e7\u00e3o, \u00e9 necess\u00e1rio tamb\u00e9m realizar o pagamento da taxa de inscri\u00e7\u00e3o no valor de R$ 40 e enviar um curr\u00edculo para o email selecaosimplificadatic@uepb.edu.br, com o t\u00edtulo \u201cVaga Analista\u201d ou \u201cVaga para Desenvolvedor\u201d no assunto, at\u00e9 o dia 4 de maio.<\/p>\n<\/div>\n<div data-track-category=\"fim do conteudo\" data-track-action=\"ultimo chunk conteudo\" data-track-noninteraction=\"false\" data-track-scroll=\"entrada completa viewport\">\n<div class=\"mc-column content-text active-extra-styles \" data-block-type=\"unstyled\" data-block-weight=\"60\" data-block-id=\"11\">\n<p class=\"content-text__container \" data-track-category=\"Link no Texto\" data-track-links=\"\">A sele\u00e7\u00e3o consiste de duas fases, sendo a primeira uma an\u00e1lise curricular e a segunda uma prova te\u00f3rico-pr\u00e1tica, prevista para acontecer no dia 17 de junho, na cidade de Campina Grande. O resultado final do processo seletivo est\u00e1 previsto para ser divulgado no dia 25 de junho. A sele\u00e7\u00e3o tem validade de um ano, podendo ser prorrogado por igual per\u00edodo.<\/p>\n<p><strong>CARIRI EM A\u00c7\u00c3O<\/strong><\/p>\n<p><em>Com G1 \/Foto: Reprodu\u00e7\u00e3o Internt<\/em><\/p>\n<p><strong>Leia mais not\u00edcias em\u00a0<\/strong><a href=\"http:\/\/www.caririemacao.com\/\"><strong>caririemacao.com<\/strong><\/a><strong>, siga nossa p\u00e1gina no\u00a0<\/strong><a href=\"https:\/\/www.facebook.com\/CaririEmAcao\/?ref=aymt_homepage_panel\"><strong>Facebook<\/strong><\/a>,<strong>\u00a0<\/strong><a href=\"https:\/\/www.instagram.com\/cariri_em_acao\/?hl=pt-br\">Instagram<\/a><strong>\u00a0e <\/strong><a href=\"https:\/\/www.youtube.com\/channel\/UCAptA0jQuYQy8vMhLt2m4qg\">Youtube<\/a><strong>\u00a0e veja nossas mat\u00e9rias, v\u00eddeos e fotos. Voc\u00ea tamb\u00e9m pode enviar informa\u00e7\u00f5es \u00e0 Reda\u00e7\u00e3o do Portal Cariri em A\u00e7\u00e3o pelo WhatsApp (83) 9 9634.5791, (83) 9 9601-1162.<\/strong><\/p>\n<\/div>\n<\/div>\n","protected":false},"excerpt":{"rendered":"<p>O edital do processo seletivo da Universidade Estadual da Para\u00edba (UEPB) para 20 vagas de desenvolvedor analista de sistema foi retificado nesta sexta-feira (18). As&hellip; <\/p>\n","protected":false},"author":2,"featured_media":41734,"comment_status":"closed","ping_status":"closed","sticky":false,"template":"","format":"standard","meta":{"sfsi_plus_gutenberg_text_before_share":"","sfsi_plus_gutenberg_show_text_before_share":"","sfsi_plus_gutenberg_icon_type":"","sfsi_plus_gutenberg_icon_alignemt":"","sfsi_plus_gutenburg_max_per_row":"","footnotes":""},"categories":[2],"tags":[],"class_list":["post-51445","post","type-post","status-publish","format-standard","has-post-thumbnail","hentry","category-geral"],"_links":{"self":[{"href":"https:\/\/www.caririemacao.com\/1\/wp-json\/wp\/v2\/posts\/51445","targetHints":{"allow":["GET"]}}],"collection":[{"href":"https:\/\/www.caririemacao.com\/1\/wp-json\/wp\/v2\/posts"}],"about":[{"href":"https:\/\/www.caririemacao.com\/1\/wp-json\/wp\/v2\/types\/post"}],"author":[{"embeddable":true,"href":"https:\/\/www.caririemacao.com\/1\/wp-json\/wp\/v2\/users\/2"}],"replies":[{"embeddable":true,"href":"https:\/\/www.caririemacao.com\/1\/wp-json\/wp\/v2\/comments?post=51445"}],"version-history":[{"count":0,"href":"https:\/\/www.caririemacao.com\/1\/wp-json\/wp\/v2\/posts\/51445\/revisions"}],"wp:featuredmedia":[{"embeddable":true,"href":"https:\/\/www.caririemacao.com\/1\/wp-json\/wp\/v2\/media\/41734"}],"wp:attachment":[{"href":"https:\/\/www.caririemacao.com\/1\/wp-json\/wp\/v2\/media?parent=51445"}],"wp:term":[{"taxonomy":"category","embeddable":true,"href":"https:\/\/www.caririemacao.com\/1\/wp-json\/wp\/v2\/categories?post=51445"},{"taxonomy":"post_tag","embeddable":true,"href":"https:\/\/www.caririemacao.com\/1\/wp-json\/wp\/v2\/tags?post=51445"}],"curies":[{"name":"wp","href":"https:\/\/api.w.org\/{rel}","templated":true}]}}