{"id":51541,"date":"2018-05-19T16:53:21","date_gmt":"2018-05-19T19:53:21","guid":{"rendered":"http:\/\/caririemacao.com\/1\/?p=51541"},"modified":"2018-05-19T16:53:21","modified_gmt":"2018-05-19T19:53:21","slug":"senac-abre-mais-de-duas-mil-vagas-para-cursos-profissionalizantes-na-paraiba","status":"publish","type":"post","link":"https:\/\/www.caririemacao.com\/1\/2018\/05\/19\/senac-abre-mais-de-duas-mil-vagas-para-cursos-profissionalizantes-na-paraiba\/","title":{"rendered":"Senac abre mais de duas mil vagas para cursos profissionalizantes na Para\u00edba"},"content":{"rendered":"<p>Ao longo dos meses de maio e junho, o Senac oferece, na Para\u00edba, 2.037 vagas para cursos nas \u00e1reas de Turismo, Artes, Produ\u00e7\u00e3o de Alimentos, Gest\u00e3o,\u00a0Sa\u00fade, Moda, Beleza, Inform\u00e1tica, Com\u00e9rcio, Comunica\u00e7\u00e3o e Hospitalidade, al\u00e9m de 460 vagas para palestras, oficinas e workshops. Os cursos s\u00e3o abertos para toda popula\u00e7\u00e3o e para realizar a matricula, \u00e9 necess\u00e1rio ter em m\u00e3os RG, CPF e caso necess\u00e1rio, comprovante de pr\u00e9-requisito.<\/p>\n<p>Alguns cursos oferecidos s\u00e3o:\u00a0Lideran\u00e7a\u00a0Coach e Gest\u00e3o de Pessoas, Assistente Administrativo, Gest\u00e3o Financeira, Estrat\u00e9gia em Vendas, Photoshop CC, Adobe Ilustrator CC, Manuten\u00e7\u00e3o de Notebook, Programador Web, Orat\u00f3ria Avan\u00e7ada, Edi\u00e7\u00e3o de V\u00eddeo Adobe Premiere, Fot\u00f3grafo, Aperfei\u00e7oamento em Corte e Costura, Depilador, Cabelereiro, T\u00e9cnicas de Maquiagem, Design de Sobrancelhas, Limpeza de Pele, Cuidador de Idoso, T\u00e9cnicas de Balconista em Farm\u00e1cia, Recepcionista de Eventos, Confeiteiro e Pizzaiolo.<\/p>\n<p>A programa\u00e7\u00e3o completa dos cursos, oficinas palestras e workshops, juntamente com os valores,\u00a0carga\u00a0horaria e pr\u00e9-requisitos, est\u00e1 dispon\u00edvel no endere\u00e7o eletr\u00f4nico http:\/\/pb.senac.br\/programacao-de-cursos\/. Para mais informa\u00e7\u00f5es sobre as inscri\u00e7\u00f5es, os interessados devem entrar em contato com as respectivas unidades operativas do Senac na Para\u00edba.<\/p>\n<p><strong>CARIRI EM A\u00c7\u00c3O<\/strong><\/p>\n<p>Com PBNews \u00a0\/Foto: Reprodu\u00e7\u00e3o Internet<\/p>\n<p>Leia mais not\u00edcias em\u00a0<a href=\"http:\/\/www.caririemacao.com\/\">caririemacao.com<\/a>, siga nossa p\u00e1gina no\u00a0<a href=\"https:\/\/www.facebook.com\/CaririEmAcao\/?ref=aymt_homepage_panel\">Facebook<\/a>,\u00a0<a href=\"https:\/\/www.instagram.com\/cariri_em_acao\/?hl=pt-br\">Instagram<\/a>\u00a0e <a href=\"https:\/\/www.youtube.com\/channel\/UCAptA0jQuYQy8vMhLt2m4qg\">Youtube<\/a>\u00a0e veja nossas mat\u00e9rias, v\u00eddeos e fotos. Voc\u00ea tamb\u00e9m pode enviar informa\u00e7\u00f5es \u00e0 Reda\u00e7\u00e3o do Portal Cariri em A\u00e7\u00e3o pelo WhatsApp (83) 9 9634.5791, (83) 9 9601-1162.<\/p>\n","protected":false},"excerpt":{"rendered":"<p>Ao longo dos meses de maio e junho, o Senac oferece, na Para\u00edba, 2.037 vagas para cursos nas \u00e1reas de Turismo, Artes, Produ\u00e7\u00e3o de Alimentos,&hellip; <\/p>\n","protected":false},"author":2,"featured_media":51542,"comment_status":"closed","ping_status":"closed","sticky":false,"template":"","format":"standard","meta":{"sfsi_plus_gutenberg_text_before_share":"","sfsi_plus_gutenberg_show_text_before_share":"","sfsi_plus_gutenberg_icon_type":"","sfsi_plus_gutenberg_icon_alignemt":"","sfsi_plus_gutenburg_max_per_row":"","footnotes":""},"categories":[14],"tags":[],"class_list":["post-51541","post","type-post","status-publish","format-standard","has-post-thumbnail","hentry","category-educacao"],"_links":{"self":[{"href":"https:\/\/www.caririemacao.com\/1\/wp-json\/wp\/v2\/posts\/51541","targetHints":{"allow":["GET"]}}],"collection":[{"href":"https:\/\/www.caririemacao.com\/1\/wp-json\/wp\/v2\/posts"}],"about":[{"href":"https:\/\/www.caririemacao.com\/1\/wp-json\/wp\/v2\/types\/post"}],"author":[{"embeddable":true,"href":"https:\/\/www.caririemacao.com\/1\/wp-json\/wp\/v2\/users\/2"}],"replies":[{"embeddable":true,"href":"https:\/\/www.caririemacao.com\/1\/wp-json\/wp\/v2\/comments?post=51541"}],"version-history":[{"count":0,"href":"https:\/\/www.caririemacao.com\/1\/wp-json\/wp\/v2\/posts\/51541\/revisions"}],"wp:featuredmedia":[{"embeddable":true,"href":"https:\/\/www.caririemacao.com\/1\/wp-json\/wp\/v2\/media\/51542"}],"wp:attachment":[{"href":"https:\/\/www.caririemacao.com\/1\/wp-json\/wp\/v2\/media?parent=51541"}],"wp:term":[{"taxonomy":"category","embeddable":true,"href":"https:\/\/www.caririemacao.com\/1\/wp-json\/wp\/v2\/categories?post=51541"},{"taxonomy":"post_tag","embeddable":true,"href":"https:\/\/www.caririemacao.com\/1\/wp-json\/wp\/v2\/tags?post=51541"}],"curies":[{"name":"wp","href":"https:\/\/api.w.org\/{rel}","templated":true}]}}