{"id":51560,"date":"2018-05-20T10:04:05","date_gmt":"2018-05-20T13:04:05","guid":{"rendered":"http:\/\/caririemacao.com\/1\/?p=51560"},"modified":"2018-05-20T10:04:05","modified_gmt":"2018-05-20T13:04:05","slug":"semana-da-enfermagem-comeca-sua-programacao-neste-domingo-em-monteiro","status":"publish","type":"post","link":"https:\/\/www.caririemacao.com\/1\/2018\/05\/20\/semana-da-enfermagem-comeca-sua-programacao-neste-domingo-em-monteiro\/","title":{"rendered":"Semana da Enfermagem come\u00e7a sua programa\u00e7\u00e3o neste domingo em Monteiro"},"content":{"rendered":"<div class=\"post_header\">\n<div class=\"post_header_title\">\n<div class=\"post_info_cat\"><\/div>\n<div class=\"post_detail post_comment\">\n<div class=\"post_info_view\"><\/div>\n<\/div>\n<\/div>\n<\/div>\n<div class=\"post_header single\">\n<p>Em comemora\u00e7\u00e3o a Semana da Enfermagem, a Secretaria de Sa\u00fade do munic\u00edpio de Monteiro preparou uma vasta comemora\u00e7\u00e3o com diversas a\u00e7\u00f5es, que inicia neste domingo, 20, com uma Missa em A\u00e7\u00e3o de Gra\u00e7as a ser realizada na Igreja Matriz Nossa Senhora das Dores, em Monteiro, que ter\u00e1 in\u00edcio \u00e0s 18 horas.<\/p>\n<p>J\u00e1 na segunda-feira, dia 21, ser\u00e3o realizadas as inscri\u00e7\u00f5es na Secretaria de Sa\u00fade para que os funcion\u00e1rios possam participar nos dias 22 e 23 de palestras que acontece na C\u00e2mara Municipal de Vereadores com profissionais convidados pela Prefeitura Municipal e um profissional disponibilizado pelo COREN \u2013 Conselho Regional de Enfermagem da Para\u00edba.<\/p>\n<p>Haver\u00e3o ainda outros momentos preparados especialmente para os profissionais como momentos de descontra\u00e7\u00e3o e terapias.<\/p>\n<p>Confira alguns dos palestrantes confirmados para a Semana da Enfermagem de Monteiro:<\/p>\n<p>Renan Figueiredo \u2013 M\u00e9dico do Munic\u00edpio, Francisco Xavier \u2013 Farmac\u00eautico do Munic\u00edpio, Ivaniete \u2013 Oficineira do CAPS I, F\u00e1bio \u2013 Educador F\u00edsico, J\u00fanior Mota \u2013 Fisioterapeuta, James Leite \u2013 Profissional do COREN, Isolda \u2013 Psic\u00f3loga do CAPS I, Michelle \u2013 Psic\u00f3loga do Programa Melhor em Casa, Maria Moreno \u2013 Psic\u00f3loga, Marcel Peixoto \u2013 M\u00e9dico SAMU, Cinthia \u2013 Nutricionista, Rossana Costa \u2013 Cirurgi\u00e3 Dentista, dentre outros.<\/p>\n<p><strong>CARIRI EM A\u00c7\u00c3O<\/strong><\/p>\n<p>Com Vitrine do Cariri\/Foto: Reprodu\u00e7\u00e3o Internet<\/p>\n<p>Leia mais not\u00edcias em\u00a0<a href=\"http:\/\/www.caririemacao.com\/\">caririemacao.com<\/a>, siga nossa p\u00e1gina no\u00a0<a href=\"https:\/\/www.facebook.com\/CaririEmAcao\/?ref=aymt_homepage_panel\">Facebook<\/a>,\u00a0<a href=\"https:\/\/www.instagram.com\/cariri_em_acao\/?hl=pt-br\">Instagram<\/a>\u00a0e\u00a0<a href=\"https:\/\/www.youtube.com\/channel\/UCAptA0jQuYQy8vMhLt2m4qg\">Youtube<\/a>\u00a0e veja nossas mat\u00e9rias, v\u00eddeos e fotos. Voc\u00ea tamb\u00e9m pode enviar informa\u00e7\u00f5es \u00e0 Reda\u00e7\u00e3o do Portal Cariri em A\u00e7\u00e3o pelo WhatsApp (83) 9 9634.5791, (83) 9 9601-1162.<\/p>\n<\/div>\n","protected":false},"excerpt":{"rendered":"<p>Em comemora\u00e7\u00e3o a Semana da Enfermagem, a Secretaria de Sa\u00fade do munic\u00edpio de Monteiro preparou uma vasta comemora\u00e7\u00e3o com diversas a\u00e7\u00f5es, que inicia neste domingo,&hellip; <\/p>\n","protected":false},"author":2,"featured_media":51566,"comment_status":"closed","ping_status":"closed","sticky":false,"template":"","format":"standard","meta":{"sfsi_plus_gutenberg_text_before_share":"","sfsi_plus_gutenberg_show_text_before_share":"","sfsi_plus_gutenberg_icon_type":"","sfsi_plus_gutenberg_icon_alignemt":"","sfsi_plus_gutenburg_max_per_row":"","footnotes":""},"categories":[6],"tags":[],"class_list":["post-51560","post","type-post","status-publish","format-standard","has-post-thumbnail","hentry","category-cidades"],"_links":{"self":[{"href":"https:\/\/www.caririemacao.com\/1\/wp-json\/wp\/v2\/posts\/51560","targetHints":{"allow":["GET"]}}],"collection":[{"href":"https:\/\/www.caririemacao.com\/1\/wp-json\/wp\/v2\/posts"}],"about":[{"href":"https:\/\/www.caririemacao.com\/1\/wp-json\/wp\/v2\/types\/post"}],"author":[{"embeddable":true,"href":"https:\/\/www.caririemacao.com\/1\/wp-json\/wp\/v2\/users\/2"}],"replies":[{"embeddable":true,"href":"https:\/\/www.caririemacao.com\/1\/wp-json\/wp\/v2\/comments?post=51560"}],"version-history":[{"count":0,"href":"https:\/\/www.caririemacao.com\/1\/wp-json\/wp\/v2\/posts\/51560\/revisions"}],"wp:featuredmedia":[{"embeddable":true,"href":"https:\/\/www.caririemacao.com\/1\/wp-json\/wp\/v2\/media\/51566"}],"wp:attachment":[{"href":"https:\/\/www.caririemacao.com\/1\/wp-json\/wp\/v2\/media?parent=51560"}],"wp:term":[{"taxonomy":"category","embeddable":true,"href":"https:\/\/www.caririemacao.com\/1\/wp-json\/wp\/v2\/categories?post=51560"},{"taxonomy":"post_tag","embeddable":true,"href":"https:\/\/www.caririemacao.com\/1\/wp-json\/wp\/v2\/tags?post=51560"}],"curies":[{"name":"wp","href":"https:\/\/api.w.org\/{rel}","templated":true}]}}