{"id":51562,"date":"2018-05-20T10:01:28","date_gmt":"2018-05-20T13:01:28","guid":{"rendered":"http:\/\/caririemacao.com\/1\/?p=51562"},"modified":"2018-05-20T10:01:28","modified_gmt":"2018-05-20T13:01:28","slug":"romero-cassio-e-luciano-participam-de-homenagem-a-romulo-gouveia","status":"publish","type":"post","link":"https:\/\/www.caririemacao.com\/1\/2018\/05\/20\/romero-cassio-e-luciano-participam-de-homenagem-a-romulo-gouveia\/","title":{"rendered":"Romero, C\u00e1ssio e Luciano participam de homenagem a R\u00f4mulo Gouveia"},"content":{"rendered":"<p>O prefeito Romero Rodrigues prestigiou, no final da tarde deste s\u00e1bado (27) a Missa de 7\u00ba Dia pela alma do deputado federal R\u00f4mulo Gouveia. A cerim\u00f4nia religiosa, oferecida pela vi\u00fava Eva Gouveia, filhos e demais familiares, realizada na Catedral Nossa Senhora da Concei\u00e7\u00e3o, no centro de Campina Grande, foi bastante prestigiada pela popula\u00e7\u00e3o e autoridades.<\/p>\n<p>O prefeito Luciano Cartaxo, de Jo\u00e3o Pessoa, e o irm\u00e3o Luc\u00e9lio Cartaxo \u2013 com suas esposas \u2013 tamb\u00e9m se fez presente ao ato de f\u00e9. O senador C\u00e1ssio Cunha Lima e o filho, deputado federal Pedro Cunha Lima, tamb\u00e9m participaram da missa, celebrada pelo monsenhor Apol\u00edn\u00e1rio e pelo padre Luciano.<\/p>\n<p>Durante a missa, que contou com pessoas de v\u00e1rias partes do Estado, foi destacada a carreira de homem p\u00fablico de R\u00f4mulo Gouveia e o perfil de cidad\u00e3o comprometido com as causas sociais e no atendimento, com incomum aten\u00e7\u00e3o e carinho, das pessoas mais carentes.<\/p>\n<p>Para o prefeito Romero Rodrigues, mais do que um legado pol\u00edtico, R\u00f4mulo deixou um exemplo para todos os que militam na vida p\u00fablica, principalmente no que toca a tratar bem as pessoas, ser sens\u00edvel \u00e0s suas necessidades e apoiar as principais causas de Campina Grande, sua cidade natal, e da Para\u00edba.<\/p>\n<p><strong>CARIRI EM A\u00c7\u00c3O<\/strong><\/p>\n<div class=\"sharedaddy sd-sharing-enabled\">\n<div class=\"robots-nocontent sd-block sd-social sd-social-icon-text sd-sharing\">\n<p>Com MaisPB \/Foto: Reprodu\u00e7\u00e3o Internet<\/p>\n<p>Leia mais not\u00edcias em\u00a0<a href=\"http:\/\/www.caririemacao.com\/\">caririemacao.com<\/a>, siga nossa p\u00e1gina no\u00a0<a href=\"https:\/\/www.facebook.com\/CaririEmAcao\/?ref=aymt_homepage_panel\">Facebook<\/a>,\u00a0<a href=\"https:\/\/www.instagram.com\/cariri_em_acao\/?hl=pt-br\">Instagram<\/a>\u00a0e <a href=\"https:\/\/www.youtube.com\/channel\/UCAptA0jQuYQy8vMhLt2m4qg\">Youtube<\/a>\u00a0e veja nossas mat\u00e9rias, v\u00eddeos e fotos. Voc\u00ea tamb\u00e9m pode enviar informa\u00e7\u00f5es \u00e0 Reda\u00e7\u00e3o do Portal Cariri em A\u00e7\u00e3o pelo WhatsApp (83) 9 9634.5791, (83) 9 9601-1162.<\/p>\n<\/div>\n<\/div>\n","protected":false},"excerpt":{"rendered":"<p>O prefeito Romero Rodrigues prestigiou, no final da tarde deste s\u00e1bado (27) a Missa de 7\u00ba Dia pela alma do deputado federal R\u00f4mulo Gouveia. A&hellip; <\/p>\n","protected":false},"author":2,"featured_media":51563,"comment_status":"closed","ping_status":"closed","sticky":false,"template":"","format":"standard","meta":{"sfsi_plus_gutenberg_text_before_share":"","sfsi_plus_gutenberg_show_text_before_share":"","sfsi_plus_gutenberg_icon_type":"","sfsi_plus_gutenberg_icon_alignemt":"","sfsi_plus_gutenburg_max_per_row":"","footnotes":""},"categories":[11],"tags":[],"class_list":["post-51562","post","type-post","status-publish","format-standard","has-post-thumbnail","hentry","category-politica"],"_links":{"self":[{"href":"https:\/\/www.caririemacao.com\/1\/wp-json\/wp\/v2\/posts\/51562","targetHints":{"allow":["GET"]}}],"collection":[{"href":"https:\/\/www.caririemacao.com\/1\/wp-json\/wp\/v2\/posts"}],"about":[{"href":"https:\/\/www.caririemacao.com\/1\/wp-json\/wp\/v2\/types\/post"}],"author":[{"embeddable":true,"href":"https:\/\/www.caririemacao.com\/1\/wp-json\/wp\/v2\/users\/2"}],"replies":[{"embeddable":true,"href":"https:\/\/www.caririemacao.com\/1\/wp-json\/wp\/v2\/comments?post=51562"}],"version-history":[{"count":0,"href":"https:\/\/www.caririemacao.com\/1\/wp-json\/wp\/v2\/posts\/51562\/revisions"}],"wp:featuredmedia":[{"embeddable":true,"href":"https:\/\/www.caririemacao.com\/1\/wp-json\/wp\/v2\/media\/51563"}],"wp:attachment":[{"href":"https:\/\/www.caririemacao.com\/1\/wp-json\/wp\/v2\/media?parent=51562"}],"wp:term":[{"taxonomy":"category","embeddable":true,"href":"https:\/\/www.caririemacao.com\/1\/wp-json\/wp\/v2\/categories?post=51562"},{"taxonomy":"post_tag","embeddable":true,"href":"https:\/\/www.caririemacao.com\/1\/wp-json\/wp\/v2\/tags?post=51562"}],"curies":[{"name":"wp","href":"https:\/\/api.w.org\/{rel}","templated":true}]}}