{"id":51565,"date":"2018-05-20T10:04:18","date_gmt":"2018-05-20T13:04:18","guid":{"rendered":"http:\/\/caririemacao.com\/1\/?p=51565"},"modified":"2018-05-20T10:32:28","modified_gmt":"2018-05-20T13:32:28","slug":"joesley-temer-pedia-propina-sem-cerimonia","status":"publish","type":"post","link":"https:\/\/www.caririemacao.com\/1\/2018\/05\/20\/joesley-temer-pedia-propina-sem-cerimonia\/","title":{"rendered":"Joesley: Temer pedia propina sem cerim\u00f4nia"},"content":{"rendered":"<p>Reportagem de VEJA desta semana mostra que Joesley Batista, em depoimento \u00e0 Pol\u00edcia Federal, declarou ter recorrido a dois homens da confian\u00e7a do presidente Michel Temer em tentativa de destravar um projeto de seu interesse no Porto de Santos. Os dois nomes citados pelo empres\u00e1rio \u2014 Wagner Rossi e Milton Ortolan \u2014 receberiam mesadas da JBS e acabaram presos na Opera\u00e7\u00e3o Skala, da PF.<\/p>\n<p>Segundo Joesley, Temer falava sem pudor em dinheiro, em rolo, em esquema. A dez dias da vota\u00e7\u00e3o do impeachment de Dilma, Temer teria lhe pedido 300 000 reais. Em nota, a Presid\u00eancia da Rep\u00fablica protestou contra as \u201cmentiras\u201d de Joesley e assegurou que \u201cjamais o presidente pediu qualquer esp\u00e9cie de contribui\u00e7\u00e3o, em dinheiro, para quem quer que seja\u201d.<\/p>\n<p><strong>CARIRI EM A\u00c7\u00c3O<\/strong><\/p>\n<p>Com Veja \/Foto: Reprodu\u00e7\u00e3o Internet<\/p>\n<p>Leia mais not\u00edcias em\u00a0<a href=\"http:\/\/www.caririemacao.com\/\">caririemacao.com<\/a>, siga nossa p\u00e1gina no\u00a0<a href=\"https:\/\/www.facebook.com\/CaririEmAcao\/?ref=aymt_homepage_panel\">Facebook<\/a>,\u00a0<a href=\"https:\/\/www.instagram.com\/cariri_em_acao\/?hl=pt-br\">Instagram<\/a>\u00a0e <a href=\"https:\/\/www.youtube.com\/channel\/UCAptA0jQuYQy8vMhLt2m4qg\">Youtube<\/a>\u00a0e veja nossas mat\u00e9rias, v\u00eddeos e fotos. Voc\u00ea tamb\u00e9m pode enviar informa\u00e7\u00f5es \u00e0 Reda\u00e7\u00e3o do Portal Cariri em A\u00e7\u00e3o pelo WhatsApp (83) 9 9634.5791, (83) 9 9601-1162.<\/p>\n","protected":false},"excerpt":{"rendered":"<p>Reportagem de VEJA desta semana mostra que Joesley Batista, em depoimento \u00e0 Pol\u00edcia Federal, declarou ter recorrido a dois homens da confian\u00e7a do presidente Michel&hellip; <\/p>\n","protected":false},"author":2,"featured_media":22730,"comment_status":"closed","ping_status":"closed","sticky":false,"template":"","format":"standard","meta":{"sfsi_plus_gutenberg_text_before_share":"","sfsi_plus_gutenberg_show_text_before_share":"","sfsi_plus_gutenberg_icon_type":"","sfsi_plus_gutenberg_icon_alignemt":"","sfsi_plus_gutenburg_max_per_row":"","footnotes":""},"categories":[11],"tags":[],"class_list":["post-51565","post","type-post","status-publish","format-standard","has-post-thumbnail","hentry","category-politica"],"_links":{"self":[{"href":"https:\/\/www.caririemacao.com\/1\/wp-json\/wp\/v2\/posts\/51565","targetHints":{"allow":["GET"]}}],"collection":[{"href":"https:\/\/www.caririemacao.com\/1\/wp-json\/wp\/v2\/posts"}],"about":[{"href":"https:\/\/www.caririemacao.com\/1\/wp-json\/wp\/v2\/types\/post"}],"author":[{"embeddable":true,"href":"https:\/\/www.caririemacao.com\/1\/wp-json\/wp\/v2\/users\/2"}],"replies":[{"embeddable":true,"href":"https:\/\/www.caririemacao.com\/1\/wp-json\/wp\/v2\/comments?post=51565"}],"version-history":[{"count":0,"href":"https:\/\/www.caririemacao.com\/1\/wp-json\/wp\/v2\/posts\/51565\/revisions"}],"wp:featuredmedia":[{"embeddable":true,"href":"https:\/\/www.caririemacao.com\/1\/wp-json\/wp\/v2\/media\/22730"}],"wp:attachment":[{"href":"https:\/\/www.caririemacao.com\/1\/wp-json\/wp\/v2\/media?parent=51565"}],"wp:term":[{"taxonomy":"category","embeddable":true,"href":"https:\/\/www.caririemacao.com\/1\/wp-json\/wp\/v2\/categories?post=51565"},{"taxonomy":"post_tag","embeddable":true,"href":"https:\/\/www.caririemacao.com\/1\/wp-json\/wp\/v2\/tags?post=51565"}],"curies":[{"name":"wp","href":"https:\/\/api.w.org\/{rel}","templated":true}]}}