{"id":51569,"date":"2018-05-20T10:18:03","date_gmt":"2018-05-20T13:18:03","guid":{"rendered":"http:\/\/caririemacao.com\/1\/?p=51569"},"modified":"2018-05-20T10:26:04","modified_gmt":"2018-05-20T13:26:04","slug":"prefeitura-de-sume-realiza-acoes-de-enfrentamento-a-violencia-sexual-e-a-homofobia","status":"publish","type":"post","link":"https:\/\/www.caririemacao.com\/1\/2018\/05\/20\/prefeitura-de-sume-realiza-acoes-de-enfrentamento-a-violencia-sexual-e-a-homofobia\/","title":{"rendered":"Prefeitura de Sum\u00e9 realiza a\u00e7\u00f5es de enfrentamento a Viol\u00eancia Sexual e a Homofobia"},"content":{"rendered":"<p>A Prefeitura de Sum\u00e9 atrav\u00e9s da Secretaria de Assist\u00eancia Social realizou nesta sexta-feira (18) a culmin\u00e2ncia das atividades alusivas ao 18 de maio, Dia Nacional de Combate ao Abuso\u00a0 Sexual contra Crian\u00e7as e Adolescentes.<\/p>\n<p><a href=\"http:\/\/caririemacao.com\/1\/wp-content\/uploads\/2018\/05\/DSC_0027.jpg\"><img fetchpriority=\"high\" decoding=\"async\" class=\"alignnone wp-image-51570 size-full\" src=\"http:\/\/caririemacao.com\/1\/wp-content\/uploads\/2018\/05\/DSC_0027.jpg\" alt=\"\" width=\"6016\" height=\"4000\" srcset=\"https:\/\/www.caririemacao.com\/1\/wp-content\/uploads\/2018\/05\/DSC_0027.jpg 6016w, https:\/\/www.caririemacao.com\/1\/wp-content\/uploads\/2018\/05\/DSC_0027-300x199.jpg 300w, https:\/\/www.caririemacao.com\/1\/wp-content\/uploads\/2018\/05\/DSC_0027-768x511.jpg 768w, https:\/\/www.caririemacao.com\/1\/wp-content\/uploads\/2018\/05\/DSC_0027-1024x681.jpg 1024w\" sizes=\"(max-width: 6016px) 100vw, 6016px\" \/><\/a><\/p>\n<p>No dia 18 de maio de 1973, uma menina de 8 anos foi sequestrada, violentada e cruelmente assassinada no Esp\u00edrito Santo. Seu corpo apareceu seis dias depois carbonizado e os seus agressores, jovens de classe m\u00e9dia alta, nunca foram punidos. A data ficou institu\u00edda como o \u201cDia Nacional de Combate ao Abuso e \u00e0 Explora\u00e7\u00e3o Sexual de Crian\u00e7as e Adolescentes\u201d a partir da aprova\u00e7\u00e3o da Lei Federal n\u00ba. 9.970\/2000.<\/p>\n<p>&nbsp;<\/p>\n<p>A programa\u00e7\u00e3o come\u00e7ou no \u00faltimo dia 14 com a\u00e7\u00f5es desenvolvidas pelo CREAS (Centro de Refer\u00eancia Especializado de Assist\u00eancia Social) com panfletagens e palestras nas escolas.<\/p>\n<p><a href=\"http:\/\/caririemacao.com\/1\/wp-content\/uploads\/2018\/05\/DSC_0063.jpg\"><img decoding=\"async\" class=\"alignnone wp-image-51574 size-full lazyload\" data-src=\"http:\/\/caririemacao.com\/1\/wp-content\/uploads\/2018\/05\/DSC_0063.jpg\" alt=\"\" width=\"6016\" height=\"4000\" data-srcset=\"https:\/\/www.caririemacao.com\/1\/wp-content\/uploads\/2018\/05\/DSC_0063.jpg 6016w, https:\/\/www.caririemacao.com\/1\/wp-content\/uploads\/2018\/05\/DSC_0063-300x199.jpg 300w, https:\/\/www.caririemacao.com\/1\/wp-content\/uploads\/2018\/05\/DSC_0063-768x511.jpg 768w, https:\/\/www.caririemacao.com\/1\/wp-content\/uploads\/2018\/05\/DSC_0063-1024x681.jpg 1024w\" data-sizes=\"(max-width: 6016px) 100vw, 6016px\" src=\"data:image\/svg+xml;base64,PHN2ZyB3aWR0aD0iMSIgaGVpZ2h0PSIxIiB4bWxucz0iaHR0cDovL3d3dy53My5vcmcvMjAwMC9zdmciPjwvc3ZnPg==\" style=\"--smush-placeholder-width: 6016px; --smush-placeholder-aspect-ratio: 6016\/4000;\" \/><\/a><\/p>\n<p>Nesta sexta-feira aconteceu o dia D, com a realiza\u00e7\u00e3o de uma carreata e buzina\u00e7o realizado nas principais ruas da cidade, com o objetivo de conscientizar a popula\u00e7\u00e3o a respeito do tema.<\/p>\n<p>Durante a semana, a equipe do CREAS buscou discutir tamb\u00e9m a\u00e7\u00f5es alusivas ao Dia Internacional Contra a Homofobia que \u00e9 celebrado anualmente em 17 de maio.<\/p>\n<p>Participaram da carreata realizada nesta sexta-feira, membros de todas as Secretarias da gest\u00e3o municipal, C\u00e2mara de Vereadores, Conselho Tutelar, Coletivo Viva Mulher, \u00a0al\u00e9m de representantes da Universidade Federal de Campina Grande, campus de Sum\u00e9.<\/p>\n<p><strong>CARIRI EM A\u00c7\u00c3O<\/strong><\/p>\n<p>Com Ascom\/PMS \/Foto: Reprodu\u00e7\u00e3o Internet<\/p>\n<p>Leia mais not\u00edcias em\u00a0<a href=\"http:\/\/www.caririemacao.com\/\">caririemacao.com<\/a>, siga nossa p\u00e1gina no\u00a0<a href=\"https:\/\/www.facebook.com\/CaririEmAcao\/?ref=aymt_homepage_panel\">Facebook<\/a>,\u00a0<a href=\"https:\/\/www.instagram.com\/cariri_em_acao\/?hl=pt-br\">Instagram<\/a>\u00a0e <a href=\"https:\/\/www.youtube.com\/channel\/UCAptA0jQuYQy8vMhLt2m4qg\">Youtube<\/a>\u00a0e veja nossas mat\u00e9rias, v\u00eddeos e fotos. Voc\u00ea tamb\u00e9m pode enviar informa\u00e7\u00f5es \u00e0 Reda\u00e7\u00e3o do Portal Cariri em A\u00e7\u00e3o pelo WhatsApp (83) 9 9634.5791, (83) 9 9601-1162.<\/p>\n","protected":false},"excerpt":{"rendered":"<p>A Prefeitura de Sum\u00e9 atrav\u00e9s da Secretaria de Assist\u00eancia Social realizou nesta sexta-feira (18) a culmin\u00e2ncia das atividades alusivas ao 18 de maio, Dia Nacional&hellip; <\/p>\n","protected":false},"author":2,"featured_media":51573,"comment_status":"closed","ping_status":"closed","sticky":false,"template":"","format":"standard","meta":{"sfsi_plus_gutenberg_text_before_share":"","sfsi_plus_gutenberg_show_text_before_share":"","sfsi_plus_gutenberg_icon_type":"","sfsi_plus_gutenberg_icon_alignemt":"","sfsi_plus_gutenburg_max_per_row":"","footnotes":""},"categories":[6],"tags":[],"class_list":["post-51569","post","type-post","status-publish","format-standard","has-post-thumbnail","hentry","category-cidades"],"_links":{"self":[{"href":"https:\/\/www.caririemacao.com\/1\/wp-json\/wp\/v2\/posts\/51569","targetHints":{"allow":["GET"]}}],"collection":[{"href":"https:\/\/www.caririemacao.com\/1\/wp-json\/wp\/v2\/posts"}],"about":[{"href":"https:\/\/www.caririemacao.com\/1\/wp-json\/wp\/v2\/types\/post"}],"author":[{"embeddable":true,"href":"https:\/\/www.caririemacao.com\/1\/wp-json\/wp\/v2\/users\/2"}],"replies":[{"embeddable":true,"href":"https:\/\/www.caririemacao.com\/1\/wp-json\/wp\/v2\/comments?post=51569"}],"version-history":[{"count":0,"href":"https:\/\/www.caririemacao.com\/1\/wp-json\/wp\/v2\/posts\/51569\/revisions"}],"wp:featuredmedia":[{"embeddable":true,"href":"https:\/\/www.caririemacao.com\/1\/wp-json\/wp\/v2\/media\/51573"}],"wp:attachment":[{"href":"https:\/\/www.caririemacao.com\/1\/wp-json\/wp\/v2\/media?parent=51569"}],"wp:term":[{"taxonomy":"category","embeddable":true,"href":"https:\/\/www.caririemacao.com\/1\/wp-json\/wp\/v2\/categories?post=51569"},{"taxonomy":"post_tag","embeddable":true,"href":"https:\/\/www.caririemacao.com\/1\/wp-json\/wp\/v2\/tags?post=51569"}],"curies":[{"name":"wp","href":"https:\/\/api.w.org\/{rel}","templated":true}]}}