{"id":51583,"date":"2018-05-20T10:30:51","date_gmt":"2018-05-20T13:30:51","guid":{"rendered":"http:\/\/caririemacao.com\/1\/?p=51583"},"modified":"2018-05-20T10:30:51","modified_gmt":"2018-05-20T13:30:51","slug":"pm-apreende-cerca-de-100-kg-de-maconha-em-apartamentos-na-pb","status":"publish","type":"post","link":"https:\/\/www.caririemacao.com\/1\/2018\/05\/20\/pm-apreende-cerca-de-100-kg-de-maconha-em-apartamentos-na-pb\/","title":{"rendered":"PM apreende cerca de 100 kg de maconha em apartamentos na PB"},"content":{"rendered":"<div class=\"mc-column content-text active-extra-styles active-capital-letter\" data-block-type=\"unstyled\" data-block-weight=\"49\" data-block-id=\"2\">\n<p class=\"content-text__container theme-color-primary-first-letter\" data-track-category=\"Link no Texto\" data-track-links=\"\">Cerca de 100 kg de maconha foram apreendidos pela Pol\u00edcia Militar na comunidade Vale das Palmeiras, no bairro do Cristo Redentor, em Jo\u00e3o Pessoa, na noite de s\u00e1bado (19). Segundo informa\u00e7\u00f5es da PM, a droga estava escondida em dois apartamentos na comunidade, que eram usados como dep\u00f3sito para drogas.<\/p>\n<\/div>\n<div class=\"mc-column content-text active-extra-styles \" data-block-type=\"unstyled\" data-block-weight=\"48\" data-block-id=\"3\">\n<p class=\"content-text__container \" data-track-category=\"Link no Texto\" data-track-links=\"\">Um jovem de 21 anos, que estava em um dos apartamentos no momento da a\u00e7\u00e3o da Pol\u00edcia Militar, foi preso em flagrante. Ainda de acordo com a PM, a apreens\u00e3o da grande quantidade de droga s\u00f3 foi poss\u00edvel por meio de um trabalho integrado com a Pol\u00edcia Federal.<\/p>\n<\/div>\n<div data-track-category=\"fim do conteudo\" data-track-action=\"ultimo chunk conteudo\" data-track-noninteraction=\"false\" data-track-scroll=\"entrada completa viewport\">\n<div class=\"mc-column content-text active-extra-styles \" data-block-type=\"unstyled\" data-block-weight=\"26\" data-block-id=\"4\">\n<p class=\"content-text__container \" data-track-category=\"Link no Texto\" data-track-links=\"\">O jovem e grande quantidade de droga apreendida foram encaminhados para a sede da Pol\u00edcia Federal, na cidade de Cabedelo, na regi\u00e3o da Grande Jo\u00e3o Pessoa.<\/p>\n<p><strong>CARIRI EM A\u00c7\u00c3O<\/strong><\/p>\n<p>Com G1 \/Foto: Divulga\u00e7\u00e3o\/Pol\u00edcia Militar da Para\u00edba<\/p>\n<p>Leia mais not\u00edcias em\u00a0<a href=\"http:\/\/www.caririemacao.com\/\">caririemacao.com<\/a>, siga nossa p\u00e1gina no\u00a0<a href=\"https:\/\/www.facebook.com\/CaririEmAcao\/?ref=aymt_homepage_panel\">Facebook<\/a>,\u00a0<a href=\"https:\/\/www.instagram.com\/cariri_em_acao\/?hl=pt-br\">Instagram<\/a>\u00a0e\u00a0<a href=\"https:\/\/www.youtube.com\/channel\/UCAptA0jQuYQy8vMhLt2m4qg\">Youtube<\/a>\u00a0e veja nossas mat\u00e9rias, v\u00eddeos e fotos. Voc\u00ea tamb\u00e9m pode enviar informa\u00e7\u00f5es \u00e0 Reda\u00e7\u00e3o do Portal Cariri em A\u00e7\u00e3o pelo WhatsApp (83) 9 9634.5791, (83) 9 9601-1162.<\/p>\n<\/div>\n<\/div>\n","protected":false},"excerpt":{"rendered":"<p>Cerca de 100 kg de maconha foram apreendidos pela Pol\u00edcia Militar na comunidade Vale das Palmeiras, no bairro do Cristo Redentor, em Jo\u00e3o Pessoa, na&hellip; <\/p>\n","protected":false},"author":2,"featured_media":51585,"comment_status":"closed","ping_status":"closed","sticky":false,"template":"","format":"standard","meta":{"sfsi_plus_gutenberg_text_before_share":"","sfsi_plus_gutenberg_show_text_before_share":"","sfsi_plus_gutenberg_icon_type":"","sfsi_plus_gutenberg_icon_alignemt":"","sfsi_plus_gutenburg_max_per_row":"","footnotes":""},"categories":[12],"tags":[],"class_list":["post-51583","post","type-post","status-publish","format-standard","has-post-thumbnail","hentry","category-policia"],"_links":{"self":[{"href":"https:\/\/www.caririemacao.com\/1\/wp-json\/wp\/v2\/posts\/51583","targetHints":{"allow":["GET"]}}],"collection":[{"href":"https:\/\/www.caririemacao.com\/1\/wp-json\/wp\/v2\/posts"}],"about":[{"href":"https:\/\/www.caririemacao.com\/1\/wp-json\/wp\/v2\/types\/post"}],"author":[{"embeddable":true,"href":"https:\/\/www.caririemacao.com\/1\/wp-json\/wp\/v2\/users\/2"}],"replies":[{"embeddable":true,"href":"https:\/\/www.caririemacao.com\/1\/wp-json\/wp\/v2\/comments?post=51583"}],"version-history":[{"count":0,"href":"https:\/\/www.caririemacao.com\/1\/wp-json\/wp\/v2\/posts\/51583\/revisions"}],"wp:featuredmedia":[{"embeddable":true,"href":"https:\/\/www.caririemacao.com\/1\/wp-json\/wp\/v2\/media\/51585"}],"wp:attachment":[{"href":"https:\/\/www.caririemacao.com\/1\/wp-json\/wp\/v2\/media?parent=51583"}],"wp:term":[{"taxonomy":"category","embeddable":true,"href":"https:\/\/www.caririemacao.com\/1\/wp-json\/wp\/v2\/categories?post=51583"},{"taxonomy":"post_tag","embeddable":true,"href":"https:\/\/www.caririemacao.com\/1\/wp-json\/wp\/v2\/tags?post=51583"}],"curies":[{"name":"wp","href":"https:\/\/api.w.org\/{rel}","templated":true}]}}