{"id":51584,"date":"2018-05-20T10:30:39","date_gmt":"2018-05-20T13:30:39","guid":{"rendered":"http:\/\/caririemacao.com\/1\/?p=51584"},"modified":"2018-05-20T10:30:39","modified_gmt":"2018-05-20T13:30:39","slug":"evento-promove-desaniversario-de-obra-inacabada-na-ufpb","status":"publish","type":"post","link":"https:\/\/www.caririemacao.com\/1\/2018\/05\/20\/evento-promove-desaniversario-de-obra-inacabada-na-ufpb\/","title":{"rendered":"Evento promove \u2018desanivers\u00e1rio\u2019 de obra inacabada na UFPB"},"content":{"rendered":"<p>Uma manifesta\u00e7\u00e3o de professores, diretores e estudantes do Centro de Educa\u00e7\u00e3o (CE) da Universidade Federal da Para\u00edba (UFPB) promover\u00e1, nesta segunda-feira (21), \u00e0s 10h, no Campus I da institui\u00e7\u00e3o de ensino, o \u2018desanivers\u00e1rio\u2019 da obra de constru\u00e7\u00e3o do pr\u00e9dio da p\u00f3s-gradua\u00e7\u00e3o em Educa\u00e7\u00e3o, que come\u00e7ou em 2011, or\u00e7ada em R$ 1.824.195,39, mas que ainda n\u00e3o foi conclu\u00edda, apesar da previs\u00e3o inicial de 360 dias para seu t\u00e9rmino.<\/p>\n<p>Segundo o professor Ricardo Lucena, um dos organizadores do protesto, cursos foram criados com a promessa de conclus\u00e3o do pr\u00e9dio. Por\u00e9m, como a obra n\u00e3o ficou pronta, hoje em dia professores e alunos sofrem com a falta de salas para aulas e outras ocasi\u00f5es, como defesas de disserta\u00e7\u00f5es e teses.<\/p>\n<p>\u201cEsse pr\u00e9dio deveria ter sido conclu\u00eddo h\u00e1 seis anos. Atualmente, as atividades de p\u00f3s-gradua\u00e7\u00e3o est\u00e3o ocorrendo no pr\u00e9dio antigo, no Centro de Educa\u00e7\u00e3o, onde o espa\u00e7o \u00e9 limitado e tamb\u00e9m existem problemas estruturais. Recentemente, o teto de uma das salas ruiu. Para mostrar essa situa\u00e7\u00e3o e marcar nossa indigna\u00e7\u00e3o, faremos um bolo e colocaremos um carro de som em frente ao pr\u00e9dio que segue em constru\u00e7\u00e3o, nas proximidades do Restaurante Universit\u00e1rio\u201d, contou o professor.<\/p>\n<p>De acordo com Lucena, a dire\u00e7\u00e3o do Centro de Educa\u00e7\u00e3o j\u00e1 tratou sobre esses problemas em reuni\u00f5es com a Reitoria da UFPB, mas a conclus\u00e3o do pr\u00e9dio da p\u00f3s-gradua\u00e7\u00e3o n\u00e3o foi colocada como prioridade.<\/p>\n<p>Sobre isso, conforme explicou o prefeito da UFPB, Jo\u00e3o Marcelo Macedo, h\u00e1 uma lista de seis obras priorit\u00e1rias, definidas desde 2017 em tratativas com a Controladoria Geral da Uni\u00e3o, Minist\u00e9rio P\u00fablico Federal, Secretaria de Planejamento Municipal e Corpo de Bombeiros.<\/p>\n<p>\u201cAs obras definidas como prioridade ainda para 2017 foram os pr\u00e9dios da p\u00f3s-gradua\u00e7\u00e3o do CCSA; o Servi\u00e7o de Sa\u00fade do Servidor (espa\u00e7o dentro da Reitoria); o Centro de Energias Alternativas e Renov\u00e1veis; o N\u00facleo de Estudos e Pesquisas em Materiais; a Escola de m\u00fasica e o Laborat\u00f3rio de Aplica\u00e7\u00f5es de V\u00eddeo Digital (Lavid). Nenhuma das obras foi retomada. Precisamos tirar licen\u00e7a ambiental, alvar\u00e1 de constru\u00e7\u00e3o e licen\u00e7a dos Bombeiros. Ainda nem chegamos \u00e0 parte financeira. \u00c9 uma quest\u00e3o mais burocr\u00e1tica. O maior defeito dessas obras \u00e9 que todas foram iniciadas sem projeto (de funda\u00e7\u00e3o, estrutural, el\u00e9trico, hidr\u00e1ulico, dentre outros)\u201d, destacou Jo\u00e3o Marcelo.<\/p>\n<p>O prefeito revelou que existe a previs\u00e3o de que a obra do CE seja uma das priorit\u00e1rias para 2018, assim como os pr\u00e9dios da p\u00f3s-gradua\u00e7\u00e3o do CCHLA, do Centro de Biotecnologia e da p\u00f3s-gradua\u00e7\u00e3o em Antropologia e Ecologia (Campus Mamanguape). Ainda ser\u00e3o discutidas interven\u00e7\u00f5es necess\u00e1rias nos campi de Areia e Bananeiras.<\/p>\n<p>\u201cNo \u00faltimo concurso p\u00fablico, a UFPB contratou sete novos engenheiros e tr\u00eas arquitetos que atuar\u00e3o nessas constru\u00e7\u00f5es. A universidade tem tamb\u00e9m desenvolvido um trabalho em parceria com o Instituto Tecnol\u00f3gico de Aeron\u00e1utica (ITA) voltado para gest\u00e3o de obras\u201d, disse Jo\u00e3o Marcelo, que acrescentou que no dia 29 deste m\u00eas ser\u00e1 feita, em Bras\u00edlia, uma reuni\u00e3o no Minist\u00e9rio da Educa\u00e7\u00e3o para tratar sobre nas demandas da UFPB.<\/p>\n<p><strong>CARIRI EM A\u00c7\u00c3O<\/strong><\/p>\n<p>Com Portal Correio\/Foto: Reprodu\u00e7\u00e3o Internet<\/p>\n<p>Leia mais not\u00edcias em\u00a0<a href=\"http:\/\/www.caririemacao.com\/\">caririemacao.com<\/a>, siga nossa p\u00e1gina no\u00a0<a href=\"https:\/\/www.facebook.com\/CaririEmAcao\/?ref=aymt_homepage_panel\">Facebook<\/a>,\u00a0<a href=\"https:\/\/www.instagram.com\/cariri_em_acao\/?hl=pt-br\">Instagram<\/a>\u00a0e <a href=\"https:\/\/www.youtube.com\/channel\/UCAptA0jQuYQy8vMhLt2m4qg\">Youtube<\/a>\u00a0e veja nossas mat\u00e9rias, v\u00eddeos e fotos. Voc\u00ea tamb\u00e9m pode enviar informa\u00e7\u00f5es \u00e0 Reda\u00e7\u00e3o do Portal Cariri em A\u00e7\u00e3o pelo WhatsApp (83) 9 9634.5791, (83) 9 9601-1162.<\/p>\n","protected":false},"excerpt":{"rendered":"<p>Uma manifesta\u00e7\u00e3o de professores, diretores e estudantes do Centro de Educa\u00e7\u00e3o (CE) da Universidade Federal da Para\u00edba (UFPB) promover\u00e1, nesta segunda-feira (21), \u00e0s 10h, no&hellip; <\/p>\n","protected":false},"author":2,"featured_media":49706,"comment_status":"closed","ping_status":"closed","sticky":false,"template":"","format":"standard","meta":{"sfsi_plus_gutenberg_text_before_share":"","sfsi_plus_gutenberg_show_text_before_share":"","sfsi_plus_gutenberg_icon_type":"","sfsi_plus_gutenberg_icon_alignemt":"","sfsi_plus_gutenburg_max_per_row":"","footnotes":""},"categories":[14],"tags":[],"class_list":["post-51584","post","type-post","status-publish","format-standard","has-post-thumbnail","hentry","category-educacao"],"_links":{"self":[{"href":"https:\/\/www.caririemacao.com\/1\/wp-json\/wp\/v2\/posts\/51584","targetHints":{"allow":["GET"]}}],"collection":[{"href":"https:\/\/www.caririemacao.com\/1\/wp-json\/wp\/v2\/posts"}],"about":[{"href":"https:\/\/www.caririemacao.com\/1\/wp-json\/wp\/v2\/types\/post"}],"author":[{"embeddable":true,"href":"https:\/\/www.caririemacao.com\/1\/wp-json\/wp\/v2\/users\/2"}],"replies":[{"embeddable":true,"href":"https:\/\/www.caririemacao.com\/1\/wp-json\/wp\/v2\/comments?post=51584"}],"version-history":[{"count":0,"href":"https:\/\/www.caririemacao.com\/1\/wp-json\/wp\/v2\/posts\/51584\/revisions"}],"wp:featuredmedia":[{"embeddable":true,"href":"https:\/\/www.caririemacao.com\/1\/wp-json\/wp\/v2\/media\/49706"}],"wp:attachment":[{"href":"https:\/\/www.caririemacao.com\/1\/wp-json\/wp\/v2\/media?parent=51584"}],"wp:term":[{"taxonomy":"category","embeddable":true,"href":"https:\/\/www.caririemacao.com\/1\/wp-json\/wp\/v2\/categories?post=51584"},{"taxonomy":"post_tag","embeddable":true,"href":"https:\/\/www.caririemacao.com\/1\/wp-json\/wp\/v2\/tags?post=51584"}],"curies":[{"name":"wp","href":"https:\/\/api.w.org\/{rel}","templated":true}]}}