{"id":51618,"date":"2018-05-20T11:04:45","date_gmt":"2018-05-20T14:04:45","guid":{"rendered":"http:\/\/caririemacao.com\/1\/?p=51618"},"modified":"2018-05-20T11:04:58","modified_gmt":"2018-05-20T14:04:58","slug":"leonardo-gadelha-diz-que-prioridade-do-psc-e-eleger-um-federal-e-manoel-junior-senador","status":"publish","type":"post","link":"https:\/\/www.caririemacao.com\/1\/2018\/05\/20\/leonardo-gadelha-diz-que-prioridade-do-psc-e-eleger-um-federal-e-manoel-junior-senador\/","title":{"rendered":"Leonardo Gadelha diz que prioridade do PSC \u00e9 eleger um federal e Manoel Junior senador"},"content":{"rendered":"<p>O ex-deputado Leonardo Gadelha (PSC) afirmou, nesse s\u00e1bado (19), durante entrevista de r\u00e1dio nas cidades de Itamb\u00e9 (PE) e Pedras de Fogo (PB), que a prioridade do PSC para as elei\u00e7\u00f5es estaduais deste ano na Para\u00edba \u00e9 eleger um deputado federal e o vice-prefeito de Jo\u00e3o Pessoa, Manoel Junior (PSC), senador, al\u00e9m de ampliar a bancada de deputados estaduais na Assembleia Legislativa.<\/p>\n<p>Manoel Junior, o deputado Arnaldo Monteiro (PSC) e o pr\u00e9-candidato a deputado estadual, Anderson Monteiro (PSC) participavam em est\u00fadio da entrevista, quando Leonardo Gadelha entrou no programa, via liga\u00e7\u00e3o telef\u00f4nica, e ratificou a prioridade do partido em torno da candidatura do vice-prefeito ao Senado Federal.<\/p>\n<p>\u201cManoel Junior \u00e9 a p\u00e9rola que faltava aos quadros do PSC e ter\u00e1 apoio irrestrito do partido para disputar o Senado. Para a C\u00e2mara Federal, o candidato do grupo serei eu\u201d, afirmou.<\/p>\n<p>Com rela\u00e7\u00e3o \u00e0 alian\u00e7a do partido na chapa majorit\u00e1ria, Leonardo declarou que a legenda ainda n\u00e3o se definiu e que conversa com o PV, do pr\u00e9-candidato Luc\u00e9lio Cartaxo, e com o MDB, do senador Jos\u00e9 Maranh\u00e3o.<\/p>\n<div class=\"post-copyright\"><strong>CARIRI EM A\u00c7\u00c3O<\/strong><\/div>\n<div>\n<p>Com Rep\u00f3rter PB\/Foto: Reprodu\u00e7\u00e3o Internet<\/p>\n<p>Leia mais not\u00edcias em\u00a0<a href=\"http:\/\/www.caririemacao.com\/\">caririemacao.com<\/a>, siga nossa p\u00e1gina no\u00a0<a href=\"https:\/\/www.facebook.com\/CaririEmAcao\/?ref=aymt_homepage_panel\">Facebook<\/a>,\u00a0<a href=\"https:\/\/www.instagram.com\/cariri_em_acao\/?hl=pt-br\">Instagram<\/a>\u00a0e <a href=\"https:\/\/www.youtube.com\/channel\/UCAptA0jQuYQy8vMhLt2m4qg\">Youtube<\/a>\u00a0e veja nossas mat\u00e9rias, v\u00eddeos e fotos. Voc\u00ea tamb\u00e9m pode enviar informa\u00e7\u00f5es \u00e0 Reda\u00e7\u00e3o do Portal Cariri em A\u00e7\u00e3o pelo WhatsApp (83) 9 9634.5791, (83) 9 9601-1162.<\/p>\n<\/div>\n","protected":false},"excerpt":{"rendered":"<p>O ex-deputado Leonardo Gadelha (PSC) afirmou, nesse s\u00e1bado (19), durante entrevista de r\u00e1dio nas cidades de Itamb\u00e9 (PE) e Pedras de Fogo (PB), que a&hellip; <\/p>\n","protected":false},"author":2,"featured_media":51619,"comment_status":"closed","ping_status":"closed","sticky":false,"template":"","format":"standard","meta":{"sfsi_plus_gutenberg_text_before_share":"","sfsi_plus_gutenberg_show_text_before_share":"","sfsi_plus_gutenberg_icon_type":"","sfsi_plus_gutenberg_icon_alignemt":"","sfsi_plus_gutenburg_max_per_row":"","footnotes":""},"categories":[11],"tags":[],"class_list":["post-51618","post","type-post","status-publish","format-standard","has-post-thumbnail","hentry","category-politica"],"_links":{"self":[{"href":"https:\/\/www.caririemacao.com\/1\/wp-json\/wp\/v2\/posts\/51618","targetHints":{"allow":["GET"]}}],"collection":[{"href":"https:\/\/www.caririemacao.com\/1\/wp-json\/wp\/v2\/posts"}],"about":[{"href":"https:\/\/www.caririemacao.com\/1\/wp-json\/wp\/v2\/types\/post"}],"author":[{"embeddable":true,"href":"https:\/\/www.caririemacao.com\/1\/wp-json\/wp\/v2\/users\/2"}],"replies":[{"embeddable":true,"href":"https:\/\/www.caririemacao.com\/1\/wp-json\/wp\/v2\/comments?post=51618"}],"version-history":[{"count":0,"href":"https:\/\/www.caririemacao.com\/1\/wp-json\/wp\/v2\/posts\/51618\/revisions"}],"wp:featuredmedia":[{"embeddable":true,"href":"https:\/\/www.caririemacao.com\/1\/wp-json\/wp\/v2\/media\/51619"}],"wp:attachment":[{"href":"https:\/\/www.caririemacao.com\/1\/wp-json\/wp\/v2\/media?parent=51618"}],"wp:term":[{"taxonomy":"category","embeddable":true,"href":"https:\/\/www.caririemacao.com\/1\/wp-json\/wp\/v2\/categories?post=51618"},{"taxonomy":"post_tag","embeddable":true,"href":"https:\/\/www.caririemacao.com\/1\/wp-json\/wp\/v2\/tags?post=51618"}],"curies":[{"name":"wp","href":"https:\/\/api.w.org\/{rel}","templated":true}]}}