{"id":51622,"date":"2018-05-20T13:04:53","date_gmt":"2018-05-20T16:04:53","guid":{"rendered":"http:\/\/caririemacao.com\/1\/?p=51622"},"modified":"2018-05-20T13:04:53","modified_gmt":"2018-05-20T16:04:53","slug":"governador-assina-lei-anticorrupcao-na-paraiba-nesta-segunda-feira","status":"publish","type":"post","link":"https:\/\/www.caririemacao.com\/1\/2018\/05\/20\/governador-assina-lei-anticorrupcao-na-paraiba-nesta-segunda-feira\/","title":{"rendered":"Governador assina lei Anticorrup\u00e7\u00e3o na Para\u00edba nesta segunda-feira"},"content":{"rendered":"<p>O governador Ricardo Coutinho (PSB) lan\u00e7ar\u00e1 nesta segunda-feira (21) o Programa Para\u00edba Transparente, em solenidade no Pal\u00e1cio da Reden\u00e7\u00e3o, em Jo\u00e3o Pessoa.<\/p>\n<p>A solenidade est\u00e1 prevista para ocorrer \u00e0s 10h desta segunda-feira, no Pal\u00e1cio da Reden\u00e7\u00e3o.<\/p>\n<p>No lan\u00e7amento, ocorrer\u00e1 a assinatura do decreto que regulamenta a Lei Anticorrup\u00e7\u00e3o; a Mensagem que cria o Fundo Anticorrup\u00e7\u00e3o; Mensagem que cria o Dia Estadual do Controle Interno; Decreto que regulamenta as compet\u00eancias das Ouvidorias P\u00fablicas e a prote\u00e7\u00e3o e participa\u00e7\u00e3o do usu\u00e1rio de servi\u00e7os p\u00fablicos.<\/p>\n<p><strong>CARIRI EM A\u00c7\u00c3O<\/strong><\/p>\n<p>Com ClickPB\/Foto: Reprodu\u00e7\u00e3o Internet, Divulga\u00e7\u00e3o<\/p>\n<p>Leia mais not\u00edcias em\u00a0<a href=\"http:\/\/www.caririemacao.com\/\">caririemacao.com<\/a>, siga nossa p\u00e1gina no\u00a0<a href=\"https:\/\/www.facebook.com\/CaririEmAcao\/?ref=aymt_homepage_panel\">Facebook<\/a>,\u00a0<a href=\"https:\/\/www.instagram.com\/cariri_em_acao\/?hl=pt-br\">Instagram<\/a>\u00a0e <a href=\"https:\/\/www.youtube.com\/channel\/UCAptA0jQuYQy8vMhLt2m4qg\">Youtube<\/a>\u00a0e veja nossas mat\u00e9rias, v\u00eddeos e fotos. Voc\u00ea tamb\u00e9m pode enviar informa\u00e7\u00f5es \u00e0 Reda\u00e7\u00e3o do Portal Cariri em A\u00e7\u00e3o pelo WhatsApp (83) 9 9634.5791, (83) 9 9601-1162.<\/p>\n","protected":false},"excerpt":{"rendered":"<p>O governador Ricardo Coutinho (PSB) lan\u00e7ar\u00e1 nesta segunda-feira (21) o Programa Para\u00edba Transparente, em solenidade no Pal\u00e1cio da Reden\u00e7\u00e3o, em Jo\u00e3o Pessoa. A solenidade est\u00e1&hellip; <\/p>\n","protected":false},"author":2,"featured_media":49758,"comment_status":"closed","ping_status":"closed","sticky":false,"template":"","format":"standard","meta":{"sfsi_plus_gutenberg_text_before_share":"","sfsi_plus_gutenberg_show_text_before_share":"","sfsi_plus_gutenberg_icon_type":"","sfsi_plus_gutenberg_icon_alignemt":"","sfsi_plus_gutenburg_max_per_row":"","footnotes":""},"categories":[11],"tags":[],"class_list":["post-51622","post","type-post","status-publish","format-standard","has-post-thumbnail","hentry","category-politica"],"_links":{"self":[{"href":"https:\/\/www.caririemacao.com\/1\/wp-json\/wp\/v2\/posts\/51622","targetHints":{"allow":["GET"]}}],"collection":[{"href":"https:\/\/www.caririemacao.com\/1\/wp-json\/wp\/v2\/posts"}],"about":[{"href":"https:\/\/www.caririemacao.com\/1\/wp-json\/wp\/v2\/types\/post"}],"author":[{"embeddable":true,"href":"https:\/\/www.caririemacao.com\/1\/wp-json\/wp\/v2\/users\/2"}],"replies":[{"embeddable":true,"href":"https:\/\/www.caririemacao.com\/1\/wp-json\/wp\/v2\/comments?post=51622"}],"version-history":[{"count":0,"href":"https:\/\/www.caririemacao.com\/1\/wp-json\/wp\/v2\/posts\/51622\/revisions"}],"wp:featuredmedia":[{"embeddable":true,"href":"https:\/\/www.caririemacao.com\/1\/wp-json\/wp\/v2\/media\/49758"}],"wp:attachment":[{"href":"https:\/\/www.caririemacao.com\/1\/wp-json\/wp\/v2\/media?parent=51622"}],"wp:term":[{"taxonomy":"category","embeddable":true,"href":"https:\/\/www.caririemacao.com\/1\/wp-json\/wp\/v2\/categories?post=51622"},{"taxonomy":"post_tag","embeddable":true,"href":"https:\/\/www.caririemacao.com\/1\/wp-json\/wp\/v2\/tags?post=51622"}],"curies":[{"name":"wp","href":"https:\/\/api.w.org\/{rel}","templated":true}]}}