{"id":51659,"date":"2018-05-21T10:25:25","date_gmt":"2018-05-21T13:25:25","guid":{"rendered":"http:\/\/caririemacao.com\/1\/?p=51659"},"modified":"2018-05-21T10:57:06","modified_gmt":"2018-05-21T13:57:06","slug":"36o-encontro-de-paraibanos-e-baianos-e-realizado-em-ouro-velho-pb","status":"publish","type":"post","link":"https:\/\/www.caririemacao.com\/1\/2018\/05\/21\/36o-encontro-de-paraibanos-e-baianos-e-realizado-em-ouro-velho-pb\/","title":{"rendered":"36\u00ba Encontro de paraibanos e baianos \u00e9 realizado em Ouro Velho\/PB"},"content":{"rendered":"<p>Este final de semana foi bastante movimentado na cidade de Ouro Velho, no Cariri Paraibano, onde a cidade recebeu dezenas de baianos vindos de Boa Vista, munic\u00edpio de Ibitit\u00e1, regi\u00e3o central da Bahia, para participar do 36\u00ba Encontro de paraibanos e baianos.<\/p>\n<p><a href=\"http:\/\/caririemacao.com\/1\/wp-content\/uploads\/2018\/05\/DSC_0292.jpg\"><img fetchpriority=\"high\" decoding=\"async\" class=\"alignnone wp-image-51649 size-full\" src=\"http:\/\/caririemacao.com\/1\/wp-content\/uploads\/2018\/05\/DSC_0292.jpg\" alt=\"\" width=\"1000\" height=\"667\" srcset=\"https:\/\/www.caririemacao.com\/1\/wp-content\/uploads\/2018\/05\/DSC_0292.jpg 1000w, https:\/\/www.caririemacao.com\/1\/wp-content\/uploads\/2018\/05\/DSC_0292-300x200.jpg 300w, https:\/\/www.caririemacao.com\/1\/wp-content\/uploads\/2018\/05\/DSC_0292-768x512.jpg 768w\" sizes=\"(max-width: 1000px) 100vw, 1000px\" \/><\/a><\/p>\n<p>O encontro que \u00e9 promovido anualmente entre as duas cidades, sendo realizado um ano em cada cidade.<\/p>\n<p><a href=\"http:\/\/caririemacao.com\/1\/wp-content\/uploads\/2018\/05\/DSC_0505.jpg\"><img decoding=\"async\" class=\"alignnone size-full wp-image-51650 lazyload\" data-src=\"http:\/\/caririemacao.com\/1\/wp-content\/uploads\/2018\/05\/DSC_0505.jpg\" alt=\"\" width=\"1000\" height=\"667\" data-srcset=\"https:\/\/www.caririemacao.com\/1\/wp-content\/uploads\/2018\/05\/DSC_0505.jpg 1000w, https:\/\/www.caririemacao.com\/1\/wp-content\/uploads\/2018\/05\/DSC_0505-300x200.jpg 300w, https:\/\/www.caririemacao.com\/1\/wp-content\/uploads\/2018\/05\/DSC_0505-768x512.jpg 768w\" data-sizes=\"(max-width: 1000px) 100vw, 1000px\" src=\"data:image\/svg+xml;base64,PHN2ZyB3aWR0aD0iMSIgaGVpZ2h0PSIxIiB4bWxucz0iaHR0cDovL3d3dy53My5vcmcvMjAwMC9zdmciPjwvc3ZnPg==\" style=\"--smush-placeholder-width: 1000px; --smush-placeholder-aspect-ratio: 1000\/667;\" \/><\/a><\/p>\n<p>O Encontro de Paraibanos com os Baianos \u00e9 um evento de integra\u00e7\u00e3o e interc\u00e2mbio cultural. Na oportunidade, os ourovelhense fizeram uma grande recep\u00e7\u00e3o para os baianos, iniciando na noite desta sexta-feira, dia 18 e encerrando na noite deste s\u00e1bado com a realiza\u00e7\u00e3o do 2\u00ba Ouro Velho Folia.<\/p>\n<p>Na sexta-feira, os baianos foram recebidos em grande festa no in\u00edcio da cidade, realizando uma grande carreata.<\/p>\n<p><a href=\"http:\/\/caririemacao.com\/1\/wp-content\/uploads\/2018\/05\/DSC_0233-1.jpg\"><img decoding=\"async\" class=\"alignnone size-full wp-image-51652 lazyload\" data-src=\"http:\/\/caririemacao.com\/1\/wp-content\/uploads\/2018\/05\/DSC_0233-1.jpg\" alt=\"\" width=\"1024\" height=\"683\" data-srcset=\"https:\/\/www.caririemacao.com\/1\/wp-content\/uploads\/2018\/05\/DSC_0233-1.jpg 1024w, https:\/\/www.caririemacao.com\/1\/wp-content\/uploads\/2018\/05\/DSC_0233-1-300x200.jpg 300w, https:\/\/www.caririemacao.com\/1\/wp-content\/uploads\/2018\/05\/DSC_0233-1-768x512.jpg 768w\" data-sizes=\"(max-width: 1024px) 100vw, 1024px\" src=\"data:image\/svg+xml;base64,PHN2ZyB3aWR0aD0iMSIgaGVpZ2h0PSIxIiB4bWxucz0iaHR0cDovL3d3dy53My5vcmcvMjAwMC9zdmciPjwvc3ZnPg==\" style=\"--smush-placeholder-width: 1024px; --smush-placeholder-aspect-ratio: 1024\/683;\" \/><\/a><\/p>\n<p>J\u00e1 no s\u00e1bado, a programa\u00e7\u00e3o foi mais extensa, come\u00e7ando com a participa\u00e7\u00e3o de Solange (coordenadora do encontro), seu Jaime, ourovelhense e idealizador do encontro, sendo organizador por v\u00e1rios anos e Paulinho Neiva que cederam entrevistas ao programa Cariri em A\u00e7\u00e3o, na R\u00e1dio Ouro Velho FM, apresentado pelo radialista Marivaldo Alc\u00e2ntara.<\/p>\n<p>Eles estavam acompanhados de Dr. J\u00fanior, do vice-prefeito Fl\u00e1vio Henrique, dos vereadores Paulo J\u00fanior, Val, Erivonaldo Lopes (atual presidente da C\u00e2mara Municipal) e de Wendel Sidclei, ex-presidente do Poder Legislativo.<\/p>\n<p><a href=\"http:\/\/caririemacao.com\/1\/wp-content\/uploads\/2018\/05\/page2-1.jpg\"><img decoding=\"async\" class=\"aligncenter wp-image-51648 size-full lazyload\" data-src=\"http:\/\/caririemacao.com\/1\/wp-content\/uploads\/2018\/05\/page2-1.jpg\" alt=\"\" width=\"700\" height=\"500\" data-srcset=\"https:\/\/www.caririemacao.com\/1\/wp-content\/uploads\/2018\/05\/page2-1.jpg 700w, https:\/\/www.caririemacao.com\/1\/wp-content\/uploads\/2018\/05\/page2-1-300x214.jpg 300w\" data-sizes=\"(max-width: 700px) 100vw, 700px\" src=\"data:image\/svg+xml;base64,PHN2ZyB3aWR0aD0iMSIgaGVpZ2h0PSIxIiB4bWxucz0iaHR0cDovL3d3dy53My5vcmcvMjAwMC9zdmciPjwvc3ZnPg==\" style=\"--smush-placeholder-width: 700px; --smush-placeholder-aspect-ratio: 700\/500;\" \/><\/a><\/p>\n<p>A tarde, os visitantes e anfitri\u00f5es acompanharam uma grande partida de futebol envolvendo as duas cidades, saindo vencedora a cidade de Ouro Velho com o placar de 2 a 1.<\/p>\n<p><div class=\"ose- ose-uid-e2db3403252d848224812abba2b9f14b ose-embedpress-responsive\" style=\"width:600px; height:550px; max-height:550px; max-width:100%; display:inline-block;\" data-embed-type=\"Facebook\"><iframe allowFullScreen=\"true\" class=\"embera-facebook-iframe-e2db3 lazyload\" data-src=\"https:\/\/www.facebook.com\/plugins\/post.php?href=https%3A%2F%2Fwww.facebook.com%2FCaririEmAcao%2Fvideos%2F1244491272353560%2F&width=600&height=550&show_text=true\" width=\"600\" height=\"550\" style=\"border:none;overflow:hidden\" scrolling=\"no\" frameborder=\"0\" allowTransparency=\"true\" src=\"data:image\/svg+xml;base64,PHN2ZyB3aWR0aD0iMSIgaGVpZ2h0PSIxIiB4bWxucz0iaHR0cDovL3d3dy53My5vcmcvMjAwMC9zdmciPjwvc3ZnPg==\" data-load-mode=\"1\"><\/iframe><\/div><\/p>\n<p><a href=\"https:\/\/www.facebook.com\/CaririEmAcao\/videos\/1244491272353560\/\">VEJA TRANSMISS\u00c3O AO VIVO DO JOGO TRANSMITIDO PELO CARIRI EM A\u00c7\u00c3O.<\/a><\/p>\n<p>&nbsp;<\/p>\n<p>Vale destacar que a partida amistosa entre as equipes de Ouro Velho e Ibitit\u00e1 foi transmitida na p\u00e1gina do Cariri em A\u00e7\u00e3o no Fecebook com internet da Ouro Net, por meio de uma parceria com o empres\u00e1rio Alan. O jogo foi narrado pelo vereador Erivonaldo Lopes e teve o apoio do vice-prefeito Fl\u00e1vio Henrique, do secret\u00e1rio Wendel, da Pizzaria D\u00b4Lima, RD distribuidora, dos vereadores Paulo J\u00fanior, Marta e Erivonaldo Lopes, da prefeita Nat\u00e1lia e Dr. J\u00fanior.<\/p>\n<p><a href=\"http:\/\/caririemacao.com\/1\/wp-content\/uploads\/2018\/05\/page-6.jpg\"><img decoding=\"async\" class=\"size-full wp-image-51653 aligncenter lazyload\" data-src=\"http:\/\/caririemacao.com\/1\/wp-content\/uploads\/2018\/05\/page-6.jpg\" alt=\"\" width=\"700\" height=\"500\" data-srcset=\"https:\/\/www.caririemacao.com\/1\/wp-content\/uploads\/2018\/05\/page-6.jpg 700w, https:\/\/www.caririemacao.com\/1\/wp-content\/uploads\/2018\/05\/page-6-300x214.jpg 300w\" data-sizes=\"(max-width: 700px) 100vw, 700px\" src=\"data:image\/svg+xml;base64,PHN2ZyB3aWR0aD0iMSIgaGVpZ2h0PSIxIiB4bWxucz0iaHR0cDovL3d3dy53My5vcmcvMjAwMC9zdmciPjwvc3ZnPg==\" style=\"--smush-placeholder-width: 700px; --smush-placeholder-aspect-ratio: 700\/500;\" \/><\/a><\/p>\n<p>A festa continuou a noite no Sop\u00e3o Nosso, projeto desenvolvido pela vereadora dona Lurdes e que realizou outra festa para os baianos. L\u00e1, estavam o Ceguinho do Piado que ao lado de seus colegas m\u00fasicos animaram o in\u00edcio da noite do s\u00e1bado.<\/p>\n<p>O deputado Tovar, que fez quest\u00e3o de prestigiar o encontro, tamb\u00e9m deu uma palinha e cantou um aut\u00eantico forr\u00f3 p\u00e9 de serra, estilo musical da regi\u00e3o.<\/p>\n<p><a href=\"http:\/\/caririemacao.com\/1\/wp-content\/uploads\/2018\/05\/DSC_0221.jpg\"><img decoding=\"async\" class=\"alignnone size-full wp-image-51654 lazyload\" data-src=\"http:\/\/caririemacao.com\/1\/wp-content\/uploads\/2018\/05\/DSC_0221.jpg\" alt=\"\" width=\"1000\" height=\"667\" data-srcset=\"https:\/\/www.caririemacao.com\/1\/wp-content\/uploads\/2018\/05\/DSC_0221.jpg 1000w, https:\/\/www.caririemacao.com\/1\/wp-content\/uploads\/2018\/05\/DSC_0221-300x200.jpg 300w, https:\/\/www.caririemacao.com\/1\/wp-content\/uploads\/2018\/05\/DSC_0221-768x512.jpg 768w\" data-sizes=\"(max-width: 1000px) 100vw, 1000px\" src=\"data:image\/svg+xml;base64,PHN2ZyB3aWR0aD0iMSIgaGVpZ2h0PSIxIiB4bWxucz0iaHR0cDovL3d3dy53My5vcmcvMjAwMC9zdmciPjwvc3ZnPg==\" style=\"--smush-placeholder-width: 1000px; --smush-placeholder-aspect-ratio: 1000\/667;\" \/><\/a><\/p>\n<p>No Sop\u00e3o, v\u00e1rias lideran\u00e7as pol\u00edticas tamb\u00e9m prestigiaram o encontro, no bairro Mutir\u00e3o.<\/p>\n<p><a href=\"http:\/\/caririemacao.com\/1\/wp-content\/uploads\/2018\/05\/DSC_0417-1.jpg\"><img decoding=\"async\" class=\"alignnone size-full wp-image-51655 lazyload\" data-src=\"http:\/\/caririemacao.com\/1\/wp-content\/uploads\/2018\/05\/DSC_0417-1.jpg\" alt=\"\" width=\"1000\" height=\"667\" data-srcset=\"https:\/\/www.caririemacao.com\/1\/wp-content\/uploads\/2018\/05\/DSC_0417-1.jpg 1000w, https:\/\/www.caririemacao.com\/1\/wp-content\/uploads\/2018\/05\/DSC_0417-1-300x200.jpg 300w, https:\/\/www.caririemacao.com\/1\/wp-content\/uploads\/2018\/05\/DSC_0417-1-768x512.jpg 768w\" data-sizes=\"(max-width: 1000px) 100vw, 1000px\" src=\"data:image\/svg+xml;base64,PHN2ZyB3aWR0aD0iMSIgaGVpZ2h0PSIxIiB4bWxucz0iaHR0cDovL3d3dy53My5vcmcvMjAwMC9zdmciPjwvc3ZnPg==\" style=\"--smush-placeholder-width: 1000px; --smush-placeholder-aspect-ratio: 1000\/667;\" \/><\/a><\/p>\n<p>Ap\u00f3s todos terem tomado sopa, e j\u00e1 bem alimentados, foram para a concentra\u00e7\u00e3o do Bloco Ouro Velho Folia organizado pela prefeita Nat\u00e1lia e pelo esposo, Dr. Junior. L\u00e1, todos receberem copos padronizados e abad\u00e1.<\/p>\n<p><a href=\"http:\/\/caririemacao.com\/1\/wp-content\/uploads\/2018\/05\/DSC_0548.jpg\"><img decoding=\"async\" class=\"size-full wp-image-51656 aligncenter lazyload\" data-src=\"http:\/\/caririemacao.com\/1\/wp-content\/uploads\/2018\/05\/DSC_0548.jpg\" alt=\"\" width=\"1000\" height=\"667\" data-srcset=\"https:\/\/www.caririemacao.com\/1\/wp-content\/uploads\/2018\/05\/DSC_0548.jpg 1000w, https:\/\/www.caririemacao.com\/1\/wp-content\/uploads\/2018\/05\/DSC_0548-300x200.jpg 300w, https:\/\/www.caririemacao.com\/1\/wp-content\/uploads\/2018\/05\/DSC_0548-768x512.jpg 768w\" data-sizes=\"(max-width: 1000px) 100vw, 1000px\" src=\"data:image\/svg+xml;base64,PHN2ZyB3aWR0aD0iMSIgaGVpZ2h0PSIxIiB4bWxucz0iaHR0cDovL3d3dy53My5vcmcvMjAwMC9zdmciPjwvc3ZnPg==\" style=\"--smush-placeholder-width: 1000px; --smush-placeholder-aspect-ratio: 1000\/667;\" \/><\/a><\/p>\n<p>E para fechar com chave de ouro o encontro, o cantor Felipe Santos puxou o bloco no trio el\u00e9trico de Capil\u00e9 at\u00e9 a pra\u00e7a Massilon Dantas.<\/p>\n<p><a href=\"http:\/\/caririemacao.com\/1\/wp-content\/uploads\/2018\/05\/DSC_0607.jpg\"><img decoding=\"async\" class=\"alignnone size-full wp-image-51658 lazyload\" data-src=\"http:\/\/caririemacao.com\/1\/wp-content\/uploads\/2018\/05\/DSC_0607.jpg\" alt=\"\" width=\"1000\" height=\"667\" data-srcset=\"https:\/\/www.caririemacao.com\/1\/wp-content\/uploads\/2018\/05\/DSC_0607.jpg 1000w, https:\/\/www.caririemacao.com\/1\/wp-content\/uploads\/2018\/05\/DSC_0607-300x200.jpg 300w, https:\/\/www.caririemacao.com\/1\/wp-content\/uploads\/2018\/05\/DSC_0607-768x512.jpg 768w\" data-sizes=\"(max-width: 1000px) 100vw, 1000px\" src=\"data:image\/svg+xml;base64,PHN2ZyB3aWR0aD0iMSIgaGVpZ2h0PSIxIiB4bWxucz0iaHR0cDovL3d3dy53My5vcmcvMjAwMC9zdmciPjwvc3ZnPg==\" style=\"--smush-placeholder-width: 1000px; --smush-placeholder-aspect-ratio: 1000\/667;\" \/><\/a><\/p>\n<p>Depois do show de Felipe Santos, Dr. J\u00fanior, vice-prefeito Fl\u00e1vio Henrique e o deputado Tovar fizeram homenagens ao deputado R\u00f4mulo que faleceu no \u00faltimo dia 13 deste m\u00eas.<\/p>\n<p><a href=\"http:\/\/caririemacao.com\/1\/wp-content\/uploads\/2018\/05\/DSC_0669.jpg\"><img decoding=\"async\" class=\"alignnone size-full wp-image-51662 lazyload\" data-src=\"http:\/\/caririemacao.com\/1\/wp-content\/uploads\/2018\/05\/DSC_0669.jpg\" alt=\"\" width=\"1000\" height=\"667\" data-srcset=\"https:\/\/www.caririemacao.com\/1\/wp-content\/uploads\/2018\/05\/DSC_0669.jpg 1000w, https:\/\/www.caririemacao.com\/1\/wp-content\/uploads\/2018\/05\/DSC_0669-300x200.jpg 300w, https:\/\/www.caririemacao.com\/1\/wp-content\/uploads\/2018\/05\/DSC_0669-768x512.jpg 768w\" data-sizes=\"(max-width: 1000px) 100vw, 1000px\" src=\"data:image\/svg+xml;base64,PHN2ZyB3aWR0aD0iMSIgaGVpZ2h0PSIxIiB4bWxucz0iaHR0cDovL3d3dy53My5vcmcvMjAwMC9zdmciPjwvc3ZnPg==\" style=\"--smush-placeholder-width: 1000px; --smush-placeholder-aspect-ratio: 1000\/667;\" \/><\/a><\/p>\n<p>Ap\u00f3s as homenagens, foi a vez do cantor ourovelhense Pedro Neto que contagiou a noite cheia de alegria e emo\u00e7\u00f5es.<\/p>\n<p><a href=\"http:\/\/caririemacao.com\/1\/wp-content\/uploads\/2018\/05\/DSC_0751.jpg\"><img decoding=\"async\" class=\"alignnone size-full wp-image-51663 lazyload\" data-src=\"http:\/\/caririemacao.com\/1\/wp-content\/uploads\/2018\/05\/DSC_0751.jpg\" alt=\"\" width=\"1000\" height=\"667\" data-srcset=\"https:\/\/www.caririemacao.com\/1\/wp-content\/uploads\/2018\/05\/DSC_0751.jpg 1000w, https:\/\/www.caririemacao.com\/1\/wp-content\/uploads\/2018\/05\/DSC_0751-300x200.jpg 300w, https:\/\/www.caririemacao.com\/1\/wp-content\/uploads\/2018\/05\/DSC_0751-768x512.jpg 768w\" data-sizes=\"(max-width: 1000px) 100vw, 1000px\" src=\"data:image\/svg+xml;base64,PHN2ZyB3aWR0aD0iMSIgaGVpZ2h0PSIxIiB4bWxucz0iaHR0cDovL3d3dy53My5vcmcvMjAwMC9zdmciPjwvc3ZnPg==\" style=\"--smush-placeholder-width: 1000px; --smush-placeholder-aspect-ratio: 1000\/667;\" \/><\/a><\/p>\n<p>Pedro Neto tamb\u00e9m foi acompanhado por outro cantor ourovelhense Jackson Monteiro que cantou um grande sucesso musical.<\/p>\n<p><a href=\"http:\/\/caririemacao.com\/1\/wp-content\/uploads\/2018\/05\/DSC_0590.jpg\"><img decoding=\"async\" class=\"alignnone size-full wp-image-51664 lazyload\" data-src=\"http:\/\/caririemacao.com\/1\/wp-content\/uploads\/2018\/05\/DSC_0590.jpg\" alt=\"\" width=\"1000\" height=\"667\" data-srcset=\"https:\/\/www.caririemacao.com\/1\/wp-content\/uploads\/2018\/05\/DSC_0590.jpg 1000w, https:\/\/www.caririemacao.com\/1\/wp-content\/uploads\/2018\/05\/DSC_0590-300x200.jpg 300w, https:\/\/www.caririemacao.com\/1\/wp-content\/uploads\/2018\/05\/DSC_0590-768x512.jpg 768w\" data-sizes=\"(max-width: 1000px) 100vw, 1000px\" src=\"data:image\/svg+xml;base64,PHN2ZyB3aWR0aD0iMSIgaGVpZ2h0PSIxIiB4bWxucz0iaHR0cDovL3d3dy53My5vcmcvMjAwMC9zdmciPjwvc3ZnPg==\" style=\"--smush-placeholder-width: 1000px; --smush-placeholder-aspect-ratio: 1000\/667;\" \/><\/a><\/p>\n<p>Para Dr. J\u00fanior, o encontro a cada ano fica melhor e agradeceu a presen\u00e7a dos amigos baianos, se comprometendo que no pr\u00f3ximo estar\u00e1 em Ibitit\u00e1. Ele tamb\u00e9m revelou que no pr\u00f3ximo ano haver\u00e1 a 3\u00aa edi\u00e7\u00e3o do Ouro Velho Folia.<\/p>\n<p><div class=\"ose- ose-uid-cad3c43432165df8490b5e595a85758b ose-embedpress-responsive\" style=\"width:600px; height:550px; max-height:550px; max-width:100%; display:inline-block;\" data-embed-type=\"Facebook\"><iframe allowFullScreen=\"true\" class=\"embera-facebook-iframe-cad3c lazyload\" data-src=\"https:\/\/www.facebook.com\/plugins\/post.php?href=https%3A%2F%2Fwww.facebook.com%2FCaririEmAcao%2Fvideos%2F1244710035665017%2F&width=600&height=550&show_text=true\" width=\"600\" height=\"550\" style=\"border:none;overflow:hidden\" scrolling=\"no\" frameborder=\"0\" allowTransparency=\"true\" src=\"data:image\/svg+xml;base64,PHN2ZyB3aWR0aD0iMSIgaGVpZ2h0PSIxIiB4bWxucz0iaHR0cDovL3d3dy53My5vcmcvMjAwMC9zdmciPjwvc3ZnPg==\" data-load-mode=\"1\"><\/iframe><\/div><\/p>\n<p><strong>CONFIRA TODAS AS FOTOS, CLICANDO NOS LINKS ABAIXO:<\/strong><\/p>\n<p><a href=\"https:\/\/www.facebook.com\/pg\/CaririEmAcao\/photos\/?tab=album&amp;album_id=1245108318958522\">ENTREVISTA NO PROGRAMA CARIRI EM A\u00c7\u00c3O, NA R\u00c1DIO OURO VELHO FM<\/a><\/p>\n<p><a href=\"https:\/\/www.facebook.com\/pg\/CaririEmAcao\/photos\/?tab=album&amp;album_id=1245265085609512\">JOGOS AMISTOSO ENTRE OURO VELHO E BOA VISTA DE IBITIT\u00c1<\/a><\/p>\n<p><a href=\"https:\/\/www.facebook.com\/pg\/CaririEmAcao\/photos\/?tab=album&amp;album_id=1245311822271505\">ENCONTRO NO SOP\u00c3O DE DONA LURDES<\/a><\/p>\n<p><a href=\"https:\/\/www.facebook.com\/pg\/CaririEmAcao\/photos\/?tab=album&amp;album_id=1245231608946193\">OURO VELHO FOLIA, DA CONCENTRA\u00c7\u00c3O AT\u00c9 OS SHOWS NA PRA\u00c7A<\/a><\/p>\n<p><strong>CARIRI EM A\u00c7\u00c3O<\/strong><\/p>\n<p>Leia mais not\u00edcias em\u00a0<a href=\"http:\/\/www.caririemacao.com\/\">caririemacao.com<\/a>, siga nossa p\u00e1gina no\u00a0<a href=\"https:\/\/www.facebook.com\/CaririEmAcao\/?ref=aymt_homepage_panel\">Facebook<\/a>,\u00a0<a href=\"https:\/\/www.instagram.com\/cariri_em_acao\/?hl=pt-br\">Instagram<\/a>\u00a0e\u00a0<a href=\"https:\/\/www.youtube.com\/channel\/UCAptA0jQuYQy8vMhLt2m4qg\">Youtube<\/a>\u00a0e veja nossas mat\u00e9rias, v\u00eddeos e fotos. Voc\u00ea tamb\u00e9m pode enviar informa\u00e7\u00f5es \u00e0 Reda\u00e7\u00e3o do Portal Cariri em A\u00e7\u00e3o pelo WhatsApp (83) 9 9634.5791, (83) 9 9601-1162.<\/p>\n","protected":false},"excerpt":{"rendered":"<p>Este final de semana foi bastante movimentado na cidade de Ouro Velho, no Cariri Paraibano, onde a cidade recebeu dezenas de baianos vindos de Boa&hellip; <\/p>\n","protected":false},"author":2,"featured_media":51647,"comment_status":"closed","ping_status":"closed","sticky":false,"template":"","format":"standard","meta":{"sfsi_plus_gutenberg_text_before_share":"","sfsi_plus_gutenberg_show_text_before_share":"","sfsi_plus_gutenberg_icon_type":"","sfsi_plus_gutenberg_icon_alignemt":"","sfsi_plus_gutenburg_max_per_row":"","footnotes":""},"categories":[2],"tags":[],"class_list":["post-51659","post","type-post","status-publish","format-standard","has-post-thumbnail","hentry","category-geral"],"_links":{"self":[{"href":"https:\/\/www.caririemacao.com\/1\/wp-json\/wp\/v2\/posts\/51659","targetHints":{"allow":["GET"]}}],"collection":[{"href":"https:\/\/www.caririemacao.com\/1\/wp-json\/wp\/v2\/posts"}],"about":[{"href":"https:\/\/www.caririemacao.com\/1\/wp-json\/wp\/v2\/types\/post"}],"author":[{"embeddable":true,"href":"https:\/\/www.caririemacao.com\/1\/wp-json\/wp\/v2\/users\/2"}],"replies":[{"embeddable":true,"href":"https:\/\/www.caririemacao.com\/1\/wp-json\/wp\/v2\/comments?post=51659"}],"version-history":[{"count":0,"href":"https:\/\/www.caririemacao.com\/1\/wp-json\/wp\/v2\/posts\/51659\/revisions"}],"wp:featuredmedia":[{"embeddable":true,"href":"https:\/\/www.caririemacao.com\/1\/wp-json\/wp\/v2\/media\/51647"}],"wp:attachment":[{"href":"https:\/\/www.caririemacao.com\/1\/wp-json\/wp\/v2\/media?parent=51659"}],"wp:term":[{"taxonomy":"category","embeddable":true,"href":"https:\/\/www.caririemacao.com\/1\/wp-json\/wp\/v2\/categories?post=51659"},{"taxonomy":"post_tag","embeddable":true,"href":"https:\/\/www.caririemacao.com\/1\/wp-json\/wp\/v2\/tags?post=51659"}],"curies":[{"name":"wp","href":"https:\/\/api.w.org\/{rel}","templated":true}]}}