{"id":51685,"date":"2018-05-20T23:33:47","date_gmt":"2018-05-21T02:33:47","guid":{"rendered":"http:\/\/caririemacao.com\/1\/?p=51685"},"modified":"2018-05-20T23:33:47","modified_gmt":"2018-05-21T02:33:47","slug":"escola-juarez-maracaja-realiza-festa-das-maes","status":"publish","type":"post","link":"https:\/\/www.caririemacao.com\/1\/2018\/05\/20\/escola-juarez-maracaja-realiza-festa-das-maes\/","title":{"rendered":"Escola Juarez Maracaj\u00e1 realiza festa das m\u00e3es"},"content":{"rendered":"<p>A Escola Juarez Maracaj\u00e1, localizada no munic\u00edpio de Gurj\u00e3o, realizou na \u00faltima sexta-feira (11) uma grande festa para todas as m\u00e3es que t\u00eam filhos matriculados no educand\u00e1rio.<\/p>\n<p>O momento contou com a presen\u00e7a de dezenas de m\u00e3es, al\u00e9m de professores e funcion\u00e1rios da escola que recepcionaram as m\u00e3es com uma verdadeira festa para homenage\u00e1-las.<\/p>\n<p>A diretora e professora Ana Luiza destacou a import\u00e2ncia de comemorar o dia uma vez que valorizar a m\u00e3e tamb\u00e9m \u00e9 valorizar a figura feminina na sociedade.<\/p>\n<p>N\u00e3o oportunidade, Ana Luiza falou agradeceu e parabenizou as m\u00e3es por todo esfor\u00e7o que elas t\u00eam feito para que a escola caminhe em parceria com as fam\u00edlias gurjaenses e assim obter resultados de qualidade.<\/p>\n<p>A professora ainda aproveitou para parabenizar as m\u00e3es dos alunos que foram aprovados na primeira fase do Programa Gira Mundo.<\/p>\n<p>Ap\u00f3s o momento de confraterniza\u00e7\u00e3o, as m\u00e3es participaram de um jantar com m\u00fasica ao vivo. O evento ocorreu no pr\u00e9dio da escola.<\/p>\n<p><strong>CARIRI EM A\u00c7\u00c3O<\/strong><\/p>\n<p>Leia mais not\u00edcias em\u00a0<a style=\"font-style: inherit; font-weight: inherit;\" href=\"http:\/\/www.caririemacao.com\/\">caririemacao.com<\/a>, siga nossa p\u00e1gina no\u00a0<a style=\"font-style: inherit; font-weight: inherit;\" href=\"https:\/\/www.facebook.com\/CaririEmAcao\/?ref=aymt_homepage_panel\">Facebook<\/a>,\u00a0<a style=\"font-style: inherit; font-weight: inherit;\" href=\"https:\/\/www.instagram.com\/cariri_em_acao\/?hl=pt-br\">Instagram<\/a>\u00a0e\u00a0<a style=\"font-style: inherit; font-weight: inherit;\" href=\"https:\/\/www.youtube.com\/channel\/UCAptA0jQuYQy8vMhLt2m4qg\">Youtube<\/a>\u00a0e veja nossas mat\u00e9rias, v\u00eddeos e fotos. Voc\u00ea tamb\u00e9m pode enviar informa\u00e7\u00f5es \u00e0 Reda\u00e7\u00e3o do Portal Cariri em A\u00e7\u00e3o pelo WhatsApp (83) 9 9634.5791, (83) 9 9601-1162.<\/p>\n","protected":false},"excerpt":{"rendered":"<p>A Escola Juarez Maracaj\u00e1, localizada no munic\u00edpio de Gurj\u00e3o, realizou na \u00faltima sexta-feira (11) uma grande festa para todas as m\u00e3es que t\u00eam filhos matriculados&hellip; <\/p>\n","protected":false},"author":2,"featured_media":51545,"comment_status":"closed","ping_status":"closed","sticky":false,"template":"","format":"standard","meta":{"sfsi_plus_gutenberg_text_before_share":"","sfsi_plus_gutenberg_show_text_before_share":"","sfsi_plus_gutenberg_icon_type":"","sfsi_plus_gutenberg_icon_alignemt":"","sfsi_plus_gutenburg_max_per_row":"","footnotes":""},"categories":[2],"tags":[],"class_list":["post-51685","post","type-post","status-publish","format-standard","has-post-thumbnail","hentry","category-geral"],"_links":{"self":[{"href":"https:\/\/www.caririemacao.com\/1\/wp-json\/wp\/v2\/posts\/51685","targetHints":{"allow":["GET"]}}],"collection":[{"href":"https:\/\/www.caririemacao.com\/1\/wp-json\/wp\/v2\/posts"}],"about":[{"href":"https:\/\/www.caririemacao.com\/1\/wp-json\/wp\/v2\/types\/post"}],"author":[{"embeddable":true,"href":"https:\/\/www.caririemacao.com\/1\/wp-json\/wp\/v2\/users\/2"}],"replies":[{"embeddable":true,"href":"https:\/\/www.caririemacao.com\/1\/wp-json\/wp\/v2\/comments?post=51685"}],"version-history":[{"count":0,"href":"https:\/\/www.caririemacao.com\/1\/wp-json\/wp\/v2\/posts\/51685\/revisions"}],"wp:featuredmedia":[{"embeddable":true,"href":"https:\/\/www.caririemacao.com\/1\/wp-json\/wp\/v2\/media\/51545"}],"wp:attachment":[{"href":"https:\/\/www.caririemacao.com\/1\/wp-json\/wp\/v2\/media?parent=51685"}],"wp:term":[{"taxonomy":"category","embeddable":true,"href":"https:\/\/www.caririemacao.com\/1\/wp-json\/wp\/v2\/categories?post=51685"},{"taxonomy":"post_tag","embeddable":true,"href":"https:\/\/www.caririemacao.com\/1\/wp-json\/wp\/v2\/tags?post=51685"}],"curies":[{"name":"wp","href":"https:\/\/api.w.org\/{rel}","templated":true}]}}