{"id":51688,"date":"2018-05-20T23:32:44","date_gmt":"2018-05-21T02:32:44","guid":{"rendered":"http:\/\/caririemacao.com\/1\/?p=51688"},"modified":"2018-05-20T23:32:44","modified_gmt":"2018-05-21T02:32:44","slug":"delegacao-do-juarez-maracaja-participa-da-abertura-do-jecaps","status":"publish","type":"post","link":"https:\/\/www.caririemacao.com\/1\/2018\/05\/20\/delegacao-do-juarez-maracaja-participa-da-abertura-do-jecaps\/","title":{"rendered":"Delega\u00e7\u00e3o do Juarez Maracaj\u00e1 participa da abertura do JECAPS"},"content":{"rendered":"<p>Os alunos da Escola Juarez Maracaj\u00e1 participaram da abertura dos Jogos Escolares e Paraescolares da Para\u00edba (JECAPS). O evento ocorreu no munic\u00edpio de Barra de S\u00e3o Miguel e contou com uma s\u00e9rie de alunos matriculados nas escolas da 5\u00aa Regi\u00e3o de ensino, o momento marcou abertura do JECAPS, etapa 2018.<\/p>\n<p><a href=\"http:\/\/caririemacao.com\/1\/wp-content\/uploads\/2018\/05\/Gurj\u00e3o-no-Jecapes-2018-1.jpg\"><img fetchpriority=\"high\" decoding=\"async\" class=\"alignnone size-full wp-image-51546\" src=\"http:\/\/caririemacao.com\/1\/wp-content\/uploads\/2018\/05\/Gurj\u00e3o-no-Jecapes-2018-1.jpg\" alt=\"\" width=\"1032\" height=\"581\" srcset=\"https:\/\/www.caririemacao.com\/1\/wp-content\/uploads\/2018\/05\/Gurj\u00e3o-no-Jecapes-2018-1.jpg 1032w, https:\/\/www.caririemacao.com\/1\/wp-content\/uploads\/2018\/05\/Gurj\u00e3o-no-Jecapes-2018-1-300x169.jpg 300w, https:\/\/www.caririemacao.com\/1\/wp-content\/uploads\/2018\/05\/Gurj\u00e3o-no-Jecapes-2018-1-768x432.jpg 768w, https:\/\/www.caririemacao.com\/1\/wp-content\/uploads\/2018\/05\/Gurj\u00e3o-no-Jecapes-2018-1-1024x576.jpg 1024w\" sizes=\"(max-width: 1032px) 100vw, 1032px\" \/><\/a><\/p>\n<p>A Escola Juarez Maracaj\u00e1 enviou uma delega\u00e7\u00e3o que foi acompanhada da diretora, professora Ana Luiza e dos professores de educa\u00e7\u00e3o f\u00edsica da escola.<\/p>\n<p><strong>CARIRI EM A\u00c7\u00c3O<\/strong><\/p>\n<p>Leia mais not\u00edcias em\u00a0<a style=\"font-style: inherit; font-weight: inherit;\" href=\"http:\/\/www.caririemacao.com\/\">caririemacao.com<\/a>, siga nossa p\u00e1gina no\u00a0<a style=\"font-style: inherit; font-weight: inherit;\" href=\"https:\/\/www.facebook.com\/CaririEmAcao\/?ref=aymt_homepage_panel\">Facebook<\/a>,\u00a0<a style=\"font-style: inherit; font-weight: inherit;\" href=\"https:\/\/www.instagram.com\/cariri_em_acao\/?hl=pt-br\">Instagram<\/a>\u00a0e\u00a0<a style=\"font-style: inherit; font-weight: inherit;\" href=\"https:\/\/www.youtube.com\/channel\/UCAptA0jQuYQy8vMhLt2m4qg\">Youtube<\/a>\u00a0e veja nossas mat\u00e9rias, v\u00eddeos e fotos. Voc\u00ea tamb\u00e9m pode enviar informa\u00e7\u00f5es \u00e0 Reda\u00e7\u00e3o do Portal Cariri em A\u00e7\u00e3o pelo WhatsApp (83) 9 9634.5791, (83) 9 9601-1162.<\/p>\n","protected":false},"excerpt":{"rendered":"<p>Os alunos da Escola Juarez Maracaj\u00e1 participaram da abertura dos Jogos Escolares e Paraescolares da Para\u00edba (JECAPS). O evento ocorreu no munic\u00edpio de Barra de&hellip; <\/p>\n","protected":false},"author":2,"featured_media":51547,"comment_status":"closed","ping_status":"closed","sticky":false,"template":"","format":"standard","meta":{"sfsi_plus_gutenberg_text_before_share":"","sfsi_plus_gutenberg_show_text_before_share":"","sfsi_plus_gutenberg_icon_type":"","sfsi_plus_gutenberg_icon_alignemt":"","sfsi_plus_gutenburg_max_per_row":"","footnotes":""},"categories":[14],"tags":[],"class_list":["post-51688","post","type-post","status-publish","format-standard","has-post-thumbnail","hentry","category-educacao"],"_links":{"self":[{"href":"https:\/\/www.caririemacao.com\/1\/wp-json\/wp\/v2\/posts\/51688","targetHints":{"allow":["GET"]}}],"collection":[{"href":"https:\/\/www.caririemacao.com\/1\/wp-json\/wp\/v2\/posts"}],"about":[{"href":"https:\/\/www.caririemacao.com\/1\/wp-json\/wp\/v2\/types\/post"}],"author":[{"embeddable":true,"href":"https:\/\/www.caririemacao.com\/1\/wp-json\/wp\/v2\/users\/2"}],"replies":[{"embeddable":true,"href":"https:\/\/www.caririemacao.com\/1\/wp-json\/wp\/v2\/comments?post=51688"}],"version-history":[{"count":0,"href":"https:\/\/www.caririemacao.com\/1\/wp-json\/wp\/v2\/posts\/51688\/revisions"}],"wp:featuredmedia":[{"embeddable":true,"href":"https:\/\/www.caririemacao.com\/1\/wp-json\/wp\/v2\/media\/51547"}],"wp:attachment":[{"href":"https:\/\/www.caririemacao.com\/1\/wp-json\/wp\/v2\/media?parent=51688"}],"wp:term":[{"taxonomy":"category","embeddable":true,"href":"https:\/\/www.caririemacao.com\/1\/wp-json\/wp\/v2\/categories?post=51688"},{"taxonomy":"post_tag","embeddable":true,"href":"https:\/\/www.caririemacao.com\/1\/wp-json\/wp\/v2\/tags?post=51688"}],"curies":[{"name":"wp","href":"https:\/\/api.w.org\/{rel}","templated":true}]}}