{"id":51691,"date":"2018-05-20T23:42:32","date_gmt":"2018-05-21T02:42:32","guid":{"rendered":"http:\/\/caririemacao.com\/1\/?p=51691"},"modified":"2018-05-20T23:42:32","modified_gmt":"2018-05-21T02:42:32","slug":"camara-de-gurjao-realiza-sessao-e-presidente-repudia-acusacoes-levianas","status":"publish","type":"post","link":"https:\/\/www.caririemacao.com\/1\/2018\/05\/20\/camara-de-gurjao-realiza-sessao-e-presidente-repudia-acusacoes-levianas\/","title":{"rendered":"C\u00e2mara de Gurj\u00e3o realiza sess\u00e3o e presidente repudia acusa\u00e7\u00f5es levianas"},"content":{"rendered":"<p>A C\u00e2mara Municipal de Gurj\u00e3o realizou na noite desta sexta-feira (18) mais uma importante sess\u00e3o ordin\u00e1ria e contou com a presen\u00e7a de v\u00e1rios populares e dos vereadores.<\/p>\n<p>Na oportunidade, os parlamentares apresentaram, debateram e aprovaram uma s\u00e9rie de requerimentos que ir\u00e3o beneficiar diretamente a vida dos gurjaenses.<\/p>\n<p>O presidente da casa da Adailsinho Queiroz apresentou uma solicita\u00e7\u00e3o ao presidente do Departamento de Estradas de Rodagem da Para\u00edba (DER), o senhor Carlos Pereira de Carvalho Silva, pedindo a realiza\u00e7\u00e3o de uma opera\u00e7\u00e3o tapa-buraco na PB 176, estrada que liga o Munic\u00edpio de Gurj\u00e3o a BR 412.<\/p>\n<p>O presidente tamb\u00e9m apresentou um voto de aplausos as equipes de limpeza urbana do munic\u00edpio de Gurj\u00e3o pela passagem do Dia Nacional do Gari, comemorado no \u00faltimo dia 16 de maio. Em sua justificativa, Adilsinho lembrou que o dia foi institu\u00eddo pela C\u00e2mara dos Deputados atrav\u00e9s do Projeto de Lei N\u00ba 1347\/2011. \u00a0Adailsinho ainda apresentou voto de profundo pesar pelo falecimento do deputado federal R\u00f4mulo Gouveia ocorrido no \u00faltimo dia 13 de maio.<\/p>\n<p>Adailsinho tamb\u00e9m apresentou Voto de profundo pesar pela morte prematura da senhora Tereza Neuman Coutinho Ramos, ocorrida no \u00faltimo dia 15 com um infarto fulminante.<\/p>\n<p><a href=\"http:\/\/caririemacao.com\/1\/wp-content\/uploads\/2018\/05\/Sess\u00e3o-C\u00e2mara-de-Gurj\u00e3o-3.jpg\"><img fetchpriority=\"high\" decoding=\"async\" class=\"alignnone size-full wp-image-51554\" src=\"http:\/\/caririemacao.com\/1\/wp-content\/uploads\/2018\/05\/Sess\u00e3o-C\u00e2mara-de-Gurj\u00e3o-3.jpg\" alt=\"\" width=\"800\" height=\"533\" srcset=\"https:\/\/www.caririemacao.com\/1\/wp-content\/uploads\/2018\/05\/Sess\u00e3o-C\u00e2mara-de-Gurj\u00e3o-3.jpg 800w, https:\/\/www.caririemacao.com\/1\/wp-content\/uploads\/2018\/05\/Sess\u00e3o-C\u00e2mara-de-Gurj\u00e3o-3-300x200.jpg 300w, https:\/\/www.caririemacao.com\/1\/wp-content\/uploads\/2018\/05\/Sess\u00e3o-C\u00e2mara-de-Gurj\u00e3o-3-768x512.jpg 768w\" sizes=\"(max-width: 800px) 100vw, 800px\" \/><\/a><\/p>\n<p>O vereador Diogo Coutinho solicitou do Prefeito Municipal a constru\u00e7\u00e3o de um Mercado P\u00fablico com o objetivo de atender os comerciantes e artes\u00f5es, bem como, aos pequenos produtores e vendedores ambulantes do munic\u00edpio. Segundo o vereador, a constru\u00e7\u00e3o do pr\u00e9dio se justifica pela necessidade de gera\u00e7\u00e3o de emprego e renda no munic\u00edpio de Gurj\u00e3o, al\u00e9m de oferecer melhores condi\u00e7\u00f5es de trabalho para os comerciantes gurjaense. Diogo ainda solicitou atrav\u00e9s de requerimento que o diretor do DER da Para\u00edba, construa um redutor de velocidade na PB 176, nas proximidades da cidade de Gurj\u00e3o, e a coloca\u00e7\u00e3o de sinalizadores nas proximidades da BR 412 a fim de avisar a chegada na via. Por fim, ele apresentou um voto de pesar pelo falecimento da senhora Terezinha Neuma Coutinho Ramos, ocorrido no \u00faltimo dia 15 na cidade de Gurj\u00e3o.<\/p>\n<p><a href=\"http:\/\/caririemacao.com\/1\/wp-content\/uploads\/2018\/05\/Sess\u00e3o-C\u00e2mara-de-Gurj\u00e3o-1.jpg\"><img decoding=\"async\" class=\"alignnone size-full wp-image-51552 lazyload\" data-src=\"http:\/\/caririemacao.com\/1\/wp-content\/uploads\/2018\/05\/Sess\u00e3o-C\u00e2mara-de-Gurj\u00e3o-1.jpg\" alt=\"\" width=\"800\" height=\"533\" data-srcset=\"https:\/\/www.caririemacao.com\/1\/wp-content\/uploads\/2018\/05\/Sess\u00e3o-C\u00e2mara-de-Gurj\u00e3o-1.jpg 800w, https:\/\/www.caririemacao.com\/1\/wp-content\/uploads\/2018\/05\/Sess\u00e3o-C\u00e2mara-de-Gurj\u00e3o-1-300x200.jpg 300w, https:\/\/www.caririemacao.com\/1\/wp-content\/uploads\/2018\/05\/Sess\u00e3o-C\u00e2mara-de-Gurj\u00e3o-1-768x512.jpg 768w\" data-sizes=\"(max-width: 800px) 100vw, 800px\" src=\"data:image\/svg+xml;base64,PHN2ZyB3aWR0aD0iMSIgaGVpZ2h0PSIxIiB4bWxucz0iaHR0cDovL3d3dy53My5vcmcvMjAwMC9zdmciPjwvc3ZnPg==\" style=\"--smush-placeholder-width: 800px; --smush-placeholder-aspect-ratio: 800\/533;\" \/><\/a><\/p>\n<p>Durante a sess\u00e3o, o vereador e l\u00edder do governo, J\u00fanior Morais, solicitou que a secretaria de infraestrutura realize a limpeza do mato em terrenos baldios e tamb\u00e9m nas ruas. De acordo com o vereador, a medida se faz necess\u00e1ria em virtude das fortes chuvas que tem ca\u00eddo na regi\u00e3o, fazendo com que, o mato venha a crescer no per\u00edmetro urbano.<\/p>\n<p><a href=\"http:\/\/caririemacao.com\/1\/wp-content\/uploads\/2018\/05\/Sess\u00e3o-C\u00e2mara-de-Gurj\u00e3o-4.jpg\"><img decoding=\"async\" class=\"alignnone size-full wp-image-51555 lazyload\" data-src=\"http:\/\/caririemacao.com\/1\/wp-content\/uploads\/2018\/05\/Sess\u00e3o-C\u00e2mara-de-Gurj\u00e3o-4.jpg\" alt=\"\" width=\"800\" height=\"533\" data-srcset=\"https:\/\/www.caririemacao.com\/1\/wp-content\/uploads\/2018\/05\/Sess\u00e3o-C\u00e2mara-de-Gurj\u00e3o-4.jpg 800w, https:\/\/www.caririemacao.com\/1\/wp-content\/uploads\/2018\/05\/Sess\u00e3o-C\u00e2mara-de-Gurj\u00e3o-4-300x200.jpg 300w, https:\/\/www.caririemacao.com\/1\/wp-content\/uploads\/2018\/05\/Sess\u00e3o-C\u00e2mara-de-Gurj\u00e3o-4-768x512.jpg 768w\" data-sizes=\"(max-width: 800px) 100vw, 800px\" src=\"data:image\/svg+xml;base64,PHN2ZyB3aWR0aD0iMSIgaGVpZ2h0PSIxIiB4bWxucz0iaHR0cDovL3d3dy53My5vcmcvMjAwMC9zdmciPjwvc3ZnPg==\" style=\"--smush-placeholder-width: 800px; --smush-placeholder-aspect-ratio: 800\/533;\" \/><\/a><\/p>\n<p>O vereador Cl\u00e1udio Marcelo tamb\u00e9m apresentou uma propositura solicitando do prefeito Ronaldo Queiroz que seja feito melhorias no sinal de TV do munic\u00edpio de Gurj\u00e3o.<\/p>\n<p><a href=\"http:\/\/caririemacao.com\/1\/wp-content\/uploads\/2018\/05\/Sess\u00e3o-C\u00e2mara-de-Gurj\u00e3o-2.jpg\"><img decoding=\"async\" class=\"alignnone size-full wp-image-51553 lazyload\" data-src=\"http:\/\/caririemacao.com\/1\/wp-content\/uploads\/2018\/05\/Sess\u00e3o-C\u00e2mara-de-Gurj\u00e3o-2.jpg\" alt=\"\" width=\"800\" height=\"533\" data-srcset=\"https:\/\/www.caririemacao.com\/1\/wp-content\/uploads\/2018\/05\/Sess\u00e3o-C\u00e2mara-de-Gurj\u00e3o-2.jpg 800w, https:\/\/www.caririemacao.com\/1\/wp-content\/uploads\/2018\/05\/Sess\u00e3o-C\u00e2mara-de-Gurj\u00e3o-2-300x200.jpg 300w, https:\/\/www.caririemacao.com\/1\/wp-content\/uploads\/2018\/05\/Sess\u00e3o-C\u00e2mara-de-Gurj\u00e3o-2-768x512.jpg 768w\" data-sizes=\"(max-width: 800px) 100vw, 800px\" src=\"data:image\/svg+xml;base64,PHN2ZyB3aWR0aD0iMSIgaGVpZ2h0PSIxIiB4bWxucz0iaHR0cDovL3d3dy53My5vcmcvMjAwMC9zdmciPjwvc3ZnPg==\" style=\"--smush-placeholder-width: 800px; --smush-placeholder-aspect-ratio: 800\/533;\" \/><\/a><\/p>\n<p>O vereador Alexsandro Cavalcante pediu exclusividade nos carros que atendem pacientes doentes. Ele disse que quando a fam\u00edlia do paciente solicitar um ve\u00edculo que ele seja feito de forma exclusiva para aquela fam\u00edlia, dando-lhe mais conforto para os pacientes que tanto precisam deste servi\u00e7o, principalmente nos momentos de doen\u00e7as.<\/p>\n<p>Durante a sess\u00e3o, o presidente fez um pronunciamento repudiando acusa\u00e7\u00f5es que vem recebendo de terceiros. Na sua fala, Adailsinho lamentos as acusa\u00e7\u00f5es e destacou que as acusa\u00e7\u00f5es s\u00e3o indevidas, inver\u00eddicas e levianas. Ele lembrou que as mesmas j\u00e1 foram rejeitadas pelo Tribunal de Contas do Estado e aprovou suas contas do exerc\u00edcio 2017 por unanimidade. Adailson tamb\u00e9m informou que acionou a Justi\u00e7a para que as pessoas que tentaram denegrir a sua imagem respondam criminalmente, na forma da Lei pelos atos desrespeitosos que est\u00e3o cometendo. Segundo ele, as den\u00fancias apresentadas s\u00e3o motivadas pelo \u00f3dio e pela tentativa frustrada de manchar a honra e a sua integridade perante a sociedade e seus colegas vereadores de Gurj\u00e3o.<\/p>\n<p>O presidente ainda aproveitou para destacar que n\u00e3o tem nada a temer e que caminha na verdade e com a mais profunda lisura. Ele desmentiu as acusa\u00e7\u00f5es que ele estaria gastando dinheiro da C\u00e2mara de forma desnecess\u00e1ria.<\/p>\n<p>Adailson ainda informou que o carro em que ele anda \u00e9 de sua propriedade e que o combust\u00edvel que \u00e9 usado sai do seu pr\u00f3prio sal\u00e1rio. Ele ainda destacou que todo dinheiro da C\u00e2mara tem sido tratado com muita lisura e responsabilidade e que esses frutos s\u00e3o vis\u00edveis. \u201cTodo dinheiro economizado tem sido investido na manuten\u00e7\u00e3o e recupera\u00e7\u00e3o do pr\u00e9dio do Poder Legislativo,\u201d disse.<\/p>\n<p>Para finalizar o seu pronunciamento, o presidente Adailson Queiroz afirmou que n\u00e3o tem nada a temer porque tem feito tudo com muita transpar\u00eancia, lisura e honestidade, e reafirmou o seu compromisso com a popula\u00e7\u00e3o de Gurj\u00e3o para sempre fazer o melhor pela Cidade. Ele destacou que segue firme com governador do estado da Para\u00edba, Ricardo Coutinho, e tamb\u00e9m com o prefeito do munic\u00edpio, Ronaldo Queiroz.<\/p>\n<p><strong>CARIRI EM A\u00c7\u00c3O<\/strong><\/p>\n<p>Leia mais not\u00edcias em\u00a0<a style=\"font-style: inherit; font-weight: inherit;\" href=\"http:\/\/www.caririemacao.com\/\">caririemacao.com<\/a>, siga nossa p\u00e1gina no\u00a0<a style=\"font-style: inherit; font-weight: inherit;\" href=\"https:\/\/www.facebook.com\/CaririEmAcao\/?ref=aymt_homepage_panel\">Facebook<\/a>,\u00a0<a style=\"font-style: inherit; font-weight: inherit;\" href=\"https:\/\/www.instagram.com\/cariri_em_acao\/?hl=pt-br\">Instagram<\/a>\u00a0e\u00a0<a style=\"font-style: inherit; font-weight: inherit;\" href=\"https:\/\/www.youtube.com\/channel\/UCAptA0jQuYQy8vMhLt2m4qg\">Youtube<\/a>\u00a0e veja nossas mat\u00e9rias, v\u00eddeos e fotos. Voc\u00ea tamb\u00e9m pode enviar informa\u00e7\u00f5es \u00e0 Reda\u00e7\u00e3o do Portal Cariri em A\u00e7\u00e3o pelo WhatsApp (83) 9 9634.5791, (83) 9 9601-1162.<\/p>\n","protected":false},"excerpt":{"rendered":"<p>A C\u00e2mara Municipal de Gurj\u00e3o realizou na noite desta sexta-feira (18) mais uma importante sess\u00e3o ordin\u00e1ria e contou com a presen\u00e7a de v\u00e1rios populares e&hellip; <\/p>\n","protected":false},"author":2,"featured_media":51556,"comment_status":"closed","ping_status":"closed","sticky":false,"template":"","format":"standard","meta":{"sfsi_plus_gutenberg_text_before_share":"","sfsi_plus_gutenberg_show_text_before_share":"","sfsi_plus_gutenberg_icon_type":"","sfsi_plus_gutenberg_icon_alignemt":"","sfsi_plus_gutenburg_max_per_row":"","footnotes":""},"categories":[11],"tags":[],"class_list":["post-51691","post","type-post","status-publish","format-standard","has-post-thumbnail","hentry","category-politica"],"_links":{"self":[{"href":"https:\/\/www.caririemacao.com\/1\/wp-json\/wp\/v2\/posts\/51691","targetHints":{"allow":["GET"]}}],"collection":[{"href":"https:\/\/www.caririemacao.com\/1\/wp-json\/wp\/v2\/posts"}],"about":[{"href":"https:\/\/www.caririemacao.com\/1\/wp-json\/wp\/v2\/types\/post"}],"author":[{"embeddable":true,"href":"https:\/\/www.caririemacao.com\/1\/wp-json\/wp\/v2\/users\/2"}],"replies":[{"embeddable":true,"href":"https:\/\/www.caririemacao.com\/1\/wp-json\/wp\/v2\/comments?post=51691"}],"version-history":[{"count":0,"href":"https:\/\/www.caririemacao.com\/1\/wp-json\/wp\/v2\/posts\/51691\/revisions"}],"wp:featuredmedia":[{"embeddable":true,"href":"https:\/\/www.caririemacao.com\/1\/wp-json\/wp\/v2\/media\/51556"}],"wp:attachment":[{"href":"https:\/\/www.caririemacao.com\/1\/wp-json\/wp\/v2\/media?parent=51691"}],"wp:term":[{"taxonomy":"category","embeddable":true,"href":"https:\/\/www.caririemacao.com\/1\/wp-json\/wp\/v2\/categories?post=51691"},{"taxonomy":"post_tag","embeddable":true,"href":"https:\/\/www.caririemacao.com\/1\/wp-json\/wp\/v2\/tags?post=51691"}],"curies":[{"name":"wp","href":"https:\/\/api.w.org\/{rel}","templated":true}]}}