{"id":51693,"date":"2018-05-21T08:40:10","date_gmt":"2018-05-21T11:40:10","guid":{"rendered":"http:\/\/caririemacao.com\/1\/?p=51693"},"modified":"2018-05-21T08:40:10","modified_gmt":"2018-05-21T11:40:10","slug":"acidente-grave-deixa-mortos-e-feridos-na-estrada-de-jatauba","status":"publish","type":"post","link":"https:\/\/www.caririemacao.com\/1\/2018\/05\/21\/acidente-grave-deixa-mortos-e-feridos-na-estrada-de-jatauba\/","title":{"rendered":"Acidente grave deixa mortos e feridos na estrada de Jata\u00faba"},"content":{"rendered":"<p>Na manh\u00e3 desta segunda-feira (21) um grave acidente foi registrado na PE-160, entre as cidades de Jata\u00faba e Po\u00e7o Fundo, no Agreste Pernambucano.<\/p>\n<p>De acordo com as primeiras informa\u00e7\u00f5es, os dois ve\u00edculos bateram de frente no trecho do S\u00edtio Salgado (de Jata\u00faba), sendo um Fiat (com placas da cidade de Cabaceiras, Para\u00edba) de cor prata e um Celta de cor preto, sendo este \u00faltimo com placas de Santa Cruz do Capibaribe\/PE.<\/p>\n<p>V\u00edtimas est\u00e3o presas a ferragens e tamb\u00e9m \u00f3bitos foram registrados. Duas equipes do Samu se dirigem ao local neste momento.<\/p>\n<p>Nossa equipe de reportagem acompanha o caso e, em breve, maiores informa\u00e7\u00f5es.<\/p>\n<p><strong>CARIRI EM A\u00c7\u00c3O<\/strong><\/p>\n<p>Blog Ney Lima<\/p>\n<p>Leia mais not\u00edcias em\u00a0<a href=\"http:\/\/www.caririemacao.com\/\">caririemacao.com<\/a>, siga nossa p\u00e1gina no\u00a0<a href=\"https:\/\/www.facebook.com\/CaririEmAcao\/?ref=aymt_homepage_panel\">Facebook<\/a>,\u00a0<a href=\"https:\/\/www.instagram.com\/cariri_em_acao\/?hl=pt-br\">Instagram<\/a>\u00a0e\u00a0<a href=\"https:\/\/www.youtube.com\/channel\/UCAptA0jQuYQy8vMhLt2m4qg\">Youtube<\/a>\u00a0e veja nossas mat\u00e9rias, v\u00eddeos e fotos. Voc\u00ea tamb\u00e9m pode enviar informa\u00e7\u00f5es \u00e0 Reda\u00e7\u00e3o do Portal Cariri em A\u00e7\u00e3o pelo WhatsApp (83) 9 9634.5791, (83) 9 9601-1162.<\/p>\n","protected":false},"excerpt":{"rendered":"<p>Na manh\u00e3 desta segunda-feira (21) um grave acidente foi registrado na PE-160, entre as cidades de Jata\u00faba e Po\u00e7o Fundo, no Agreste Pernambucano. De acordo&hellip; <\/p>\n","protected":false},"author":2,"featured_media":51694,"comment_status":"closed","ping_status":"closed","sticky":false,"template":"","format":"standard","meta":{"sfsi_plus_gutenberg_text_before_share":"","sfsi_plus_gutenberg_show_text_before_share":"","sfsi_plus_gutenberg_icon_type":"","sfsi_plus_gutenberg_icon_alignemt":"","sfsi_plus_gutenburg_max_per_row":"","footnotes":""},"categories":[12],"tags":[],"class_list":["post-51693","post","type-post","status-publish","format-standard","has-post-thumbnail","hentry","category-policia"],"_links":{"self":[{"href":"https:\/\/www.caririemacao.com\/1\/wp-json\/wp\/v2\/posts\/51693","targetHints":{"allow":["GET"]}}],"collection":[{"href":"https:\/\/www.caririemacao.com\/1\/wp-json\/wp\/v2\/posts"}],"about":[{"href":"https:\/\/www.caririemacao.com\/1\/wp-json\/wp\/v2\/types\/post"}],"author":[{"embeddable":true,"href":"https:\/\/www.caririemacao.com\/1\/wp-json\/wp\/v2\/users\/2"}],"replies":[{"embeddable":true,"href":"https:\/\/www.caririemacao.com\/1\/wp-json\/wp\/v2\/comments?post=51693"}],"version-history":[{"count":0,"href":"https:\/\/www.caririemacao.com\/1\/wp-json\/wp\/v2\/posts\/51693\/revisions"}],"wp:featuredmedia":[{"embeddable":true,"href":"https:\/\/www.caririemacao.com\/1\/wp-json\/wp\/v2\/media\/51694"}],"wp:attachment":[{"href":"https:\/\/www.caririemacao.com\/1\/wp-json\/wp\/v2\/media?parent=51693"}],"wp:term":[{"taxonomy":"category","embeddable":true,"href":"https:\/\/www.caririemacao.com\/1\/wp-json\/wp\/v2\/categories?post=51693"},{"taxonomy":"post_tag","embeddable":true,"href":"https:\/\/www.caririemacao.com\/1\/wp-json\/wp\/v2\/tags?post=51693"}],"curies":[{"name":"wp","href":"https:\/\/api.w.org\/{rel}","templated":true}]}}