{"id":51697,"date":"2018-05-21T09:59:06","date_gmt":"2018-05-21T12:59:06","guid":{"rendered":"http:\/\/caririemacao.com\/1\/?p=51697"},"modified":"2018-05-21T12:39:35","modified_gmt":"2018-05-21T15:39:35","slug":"prefeitos-caririzeiros-participam-da-marcha-dos-municipios-em-brasilia","status":"publish","type":"post","link":"https:\/\/www.caririemacao.com\/1\/2018\/05\/21\/prefeitos-caririzeiros-participam-da-marcha-dos-municipios-em-brasilia\/","title":{"rendered":"Prefeitos caririzeiros participam da Marcha dos Munic\u00edpios em Bras\u00edlia"},"content":{"rendered":"<p>Mais de 150 prefeitos paraibanos est\u00e3o embarcando para Bras\u00edlia para participar da 21\u00aa Marcha em Defesa dos Munic\u00edpios para pedir mais recursos do governo e aprova\u00e7\u00e3o pelo Congresso Nacional da pauta municipalista.<\/p>\n<p>Da regi\u00e3o do Cariri, embarcaram neste domingo, 20, com destino \u00e0 Bras\u00edlia, os prefeitos Sandro M\u00f4co (Camala\u00fa), Adriano Wolff (S\u00e3o Sebasti\u00e3o do Umbuzeiro), Anna Lorena (Monteiro), C\u00e9lio Barbosa (S\u00e3o Jo\u00e3o do Tigre), \u00c9den Duarte (Sum\u00e9) e In\u00e1cio N\u00f3brega (Amparo).<\/p>\n<p>A expectativa dos organizadores do evento, este ano, \u00e9 de mobilizar mais de cinco mil gestores, na tentativa de sensibilizar o governo federal a aumentar o repasse do Fundo de Participa\u00e7\u00e3o dos Munic\u00edpios e agilizar a celebra\u00e7\u00e3o de um novo pacto federativo, que destine percentual maior do bolo tribut\u00e1rio nacional para eles. Na semana passada, o presidente da Confedera\u00e7\u00e3o Nacional de Munic\u00edpios (CNM), Paulo Ziulkoski, se reuniu com dirigentes de Associa\u00e7\u00f5es e Federa\u00e7\u00f5es de munic\u00edpios para discutir a pauta e a programa\u00e7\u00e3o do evento, cuja cerim\u00f4nia de abertura est\u00e1 prevista para esta segunda-feira (21), a partir das 9h.<\/p>\n<p>A Federa\u00e7\u00e3o das Associa\u00e7\u00f5es de Munic\u00edpios da Para\u00edba (Famup) pretende levar mais de 400 gestores p\u00fablicos \u2013 al\u00e9m dos prefeitos, vice-prefeitos e vereadores-, para o evento, que se estender\u00e1 at\u00e9 quinta-feira (24), e ser\u00e1 realizado no Centro Internacional de Conven\u00e7\u00e3o, no Distrito Federal.Com o tema central \u201cCompromisso com o Brasil\u201d, a Marcha deve contar com a presen\u00e7a do presidente da Rep\u00fablica, Michel Temer (MDB), e ministros,durante a sess\u00e3o solene de abertura, e dos presidentes da C\u00e2mara dos Deputados e do Senado Federal, Rodrigo Maia (DEM-RJ) e Eun\u00edcio Oliveira (MDB-CE), al\u00e9m de diversos outros parlamentares, que tamb\u00e9m s\u00e3o aguardados pelos mais de cinco mil gestores municipais j\u00e1 inscritos.<\/p>\n<p>Tamb\u00e9m haver\u00e1 debates com pr\u00e9-candidato \u00e0 Presid\u00eancia da Rep\u00fablica. De acordo com o presidente da Famup, Tota Guedes, a Marcha vai discutir quest\u00f5es estrat\u00e9gicas para o desenvolvimento dos munic\u00edpios. Ele encaminhou a proposta de discuss\u00e3o sobre a partilha dos royalties do pr\u00e9-sal como forma de promover maior estabilidade para as cidades, bem como as pol\u00edticas p\u00fablicas de abastecimento, a exemplo do uso do Carro Pipa, a realiza\u00e7\u00e3o do pacto federativo, aumento dos recursos por parte da Uni\u00e3o para programas sociais e melhor distribui\u00e7\u00e3o de renda para os munic\u00edpios, que enfrentam a maior crise da hist\u00f3ria do Pa\u00eds, com redu\u00e7\u00e3o nos repasses do Fundo de Participa\u00e7\u00e3o dos Munic\u00edpios (FPM), principal fonte de renda da maioria das Prefeituras paraibanas.<\/p>\n<p>\u201cA atual distribui\u00e7\u00e3o de recursos \u00e9 inteiramente injusta com os munic\u00edpios e \u00e9 isso o que n\u00f3s desejamos mudar. A iniciativa de promo\u00e7\u00e3o de um grande movimento tem a ver com o fato de que os prefeitos n\u00e3o aceitam mais a situa\u00e7\u00e3o enfrentada e reivindicam provid\u00eancias concretas com a maior urg\u00eancia poss\u00edvel\u201d, afirmou Tota Guedes. Segundo ele, em virtude da grande import\u00e2ncia do evento, a Famup organizou a caravana de prefeitos paraibanos para participarem no evento e definiu uma pauta especifica de reivindica\u00e7\u00f5es, a t\u00edtulo de colabora\u00e7\u00e3o mobiliza\u00e7\u00e3o municipalista. A reivindica\u00e7\u00f5es s\u00e3o as seguintes: 1) realiza\u00e7\u00e3o de um novo pacto federativo; 2) atualiza\u00e7\u00e3o dos valores dos programas federais; 3) libera\u00e7\u00e3o dos restos a pagar de emendas, conv\u00eanios e programas; 4) renegocia\u00e7\u00e3o das d\u00edvidas com o INSS e 5) mobiliza\u00e7\u00e3o junto ao Supremo Tribunal Federal para o julgamento das a\u00e7\u00f5es concernentes \u00e0 partilha entre os munic\u00edpios dos royalties do petr\u00f3leo extra\u00eddos da camada do pr\u00e9-sal.<\/p>\n<p>Os parlamentares paraibanos est\u00e3o solid\u00e1rios com os prefeitos e os acompanham na peregrina\u00e7\u00e3o por gabinetes em Bras\u00edlia.<\/p>\n<p><strong>Presidenci\u00e1veis participar\u00e3o dos debates<\/strong><\/p>\n<p>Oito pr\u00e9-candidatos \u00e0 presid\u00eancia da Rep\u00fablica j\u00e1 confirmam presen\u00e7a na 21\u00aa Marcha a Bras\u00edlia em Defesa dos Munic\u00edpios O evento deste ano reserva dois momentos para receber os presidenci\u00e1veis e debater as prioridades dos governos locais e as necessidades de mudan\u00e7as estruturais da federa\u00e7\u00e3o brasileira. Os pain\u00e9is ocorrem nos dias 22 e 23, a partir das 14h. Na programa\u00e7\u00e3o do evento, promovido anualmente pela CNM, com o est\u00e3o previstos quatro candidatos por dia. Na ter\u00e7a-feira (22), os municipalistas receber\u00e3o, em pain\u00e9is individuais, \u00c1lvaro Dias (Podemos), Ciro Gomes (PDT), Marina Silva (Rede), e Manuela D\u2019\u00c1vila (PCdoB).<\/p>\n<p>J\u00e1 no dia 23, confirmaram presen\u00e7a Jair Bolsonaro (PSL), Afif Domingos (PSD), Geraldo Alckmin (PSDB) e Henrique Meirelles (MDB). Ainda na quarta-feira (23), est\u00e1 programada a leitura de uma carta de Luiz In\u00e1cio Lula da Silva, pr\u00e9-candidato do PT. Ap\u00f3s exposi\u00e7\u00e3o, os presidenci\u00e1veis responder\u00e3o questionamentos sobre os principais problemas enfrentados atualmente nos Munic\u00edpios, de Norte a Sul do Pa\u00eds, inclusive em rela\u00e7\u00e3o \u00e0 partilha de compet\u00eancias e dos recursos entre os Entes federados.<\/p>\n<p>Al\u00e9m de conhecer as propostas de governo, a expectativa do movimento municipalista \u00e9 obter do futuro presidente da Rep\u00fablica o compromisso com a causa municipalista.Os pain\u00e9is ser\u00e3o conduzidos pelo atual presidente da Confedera\u00e7\u00e3o, Paulo Ziulkoski.<\/p>\n<p>Mais de 5 mil gestores municipais j\u00e1 est\u00e3o com presen\u00e7a confirmada, mas os organizadores acreditam que a XXI Marcha registrar\u00e1 recorde de p\u00fablico. Al\u00e9m da presen\u00e7a dos presidenci\u00e1veis, a programa\u00e7\u00e3o prev\u00ea outros momentos singulares, como a participa\u00e7\u00e3o dos chefes do Executivo e do Legislativo.<\/p>\n<p><strong>CARIRI EM A\u00c7\u00c3O<\/strong><\/p>\n<p>Com Vitrine do Cariri\/Foto: Reprodu\u00e7\u00e3o Internet<\/p>\n<p>Leia mais not\u00edcias em\u00a0<a href=\"http:\/\/www.caririemacao.com\/\">caririemacao.com<\/a>, siga nossa p\u00e1gina no\u00a0<a href=\"https:\/\/www.facebook.com\/CaririEmAcao\/?ref=aymt_homepage_panel\">Facebook<\/a>,\u00a0<a href=\"https:\/\/www.instagram.com\/cariri_em_acao\/?hl=pt-br\">Instagram<\/a>\u00a0e <a href=\"https:\/\/www.youtube.com\/channel\/UCAptA0jQuYQy8vMhLt2m4qg\">Youtube<\/a>\u00a0e veja nossas mat\u00e9rias, v\u00eddeos e fotos. Voc\u00ea tamb\u00e9m pode enviar informa\u00e7\u00f5es \u00e0 Reda\u00e7\u00e3o do Portal Cariri em A\u00e7\u00e3o pelo WhatsApp (83) 9 9634.5791, (83) 9 9601-1162.<\/p>\n","protected":false},"excerpt":{"rendered":"<p>Mais de 150 prefeitos paraibanos est\u00e3o embarcando para Bras\u00edlia para participar da 21\u00aa Marcha em Defesa dos Munic\u00edpios para pedir mais recursos do governo e&hellip; <\/p>\n","protected":false},"author":2,"featured_media":36454,"comment_status":"closed","ping_status":"closed","sticky":false,"template":"","format":"standard","meta":{"sfsi_plus_gutenberg_text_before_share":"","sfsi_plus_gutenberg_show_text_before_share":"","sfsi_plus_gutenberg_icon_type":"","sfsi_plus_gutenberg_icon_alignemt":"","sfsi_plus_gutenburg_max_per_row":"","footnotes":""},"categories":[11],"tags":[],"class_list":["post-51697","post","type-post","status-publish","format-standard","has-post-thumbnail","hentry","category-politica"],"_links":{"self":[{"href":"https:\/\/www.caririemacao.com\/1\/wp-json\/wp\/v2\/posts\/51697","targetHints":{"allow":["GET"]}}],"collection":[{"href":"https:\/\/www.caririemacao.com\/1\/wp-json\/wp\/v2\/posts"}],"about":[{"href":"https:\/\/www.caririemacao.com\/1\/wp-json\/wp\/v2\/types\/post"}],"author":[{"embeddable":true,"href":"https:\/\/www.caririemacao.com\/1\/wp-json\/wp\/v2\/users\/2"}],"replies":[{"embeddable":true,"href":"https:\/\/www.caririemacao.com\/1\/wp-json\/wp\/v2\/comments?post=51697"}],"version-history":[{"count":0,"href":"https:\/\/www.caririemacao.com\/1\/wp-json\/wp\/v2\/posts\/51697\/revisions"}],"wp:featuredmedia":[{"embeddable":true,"href":"https:\/\/www.caririemacao.com\/1\/wp-json\/wp\/v2\/media\/36454"}],"wp:attachment":[{"href":"https:\/\/www.caririemacao.com\/1\/wp-json\/wp\/v2\/media?parent=51697"}],"wp:term":[{"taxonomy":"category","embeddable":true,"href":"https:\/\/www.caririemacao.com\/1\/wp-json\/wp\/v2\/categories?post=51697"},{"taxonomy":"post_tag","embeddable":true,"href":"https:\/\/www.caririemacao.com\/1\/wp-json\/wp\/v2\/tags?post=51697"}],"curies":[{"name":"wp","href":"https:\/\/api.w.org\/{rel}","templated":true}]}}