{"id":51699,"date":"2018-05-21T10:05:43","date_gmt":"2018-05-21T13:05:43","guid":{"rendered":"http:\/\/caririemacao.com\/1\/?p=51699"},"modified":"2018-05-21T10:07:46","modified_gmt":"2018-05-21T13:07:46","slug":"hoje-cpnet-fibra-sera-inaugurada-em-sume-nesta-segunda-feira","status":"publish","type":"post","link":"https:\/\/www.caririemacao.com\/1\/2018\/05\/21\/hoje-cpnet-fibra-sera-inaugurada-em-sume-nesta-segunda-feira\/","title":{"rendered":"HOJE: CPNet Fibra ser\u00e1 inaugurada em Sum\u00e9 nesta segunda-feira; conhe\u00e7a os planos CPNet"},"content":{"rendered":"<p>A CPNet, provedor de Internet que mais cresce no Cariri da Para\u00edba estar\u00e1 inaugurando na tarde desta segunda-feira, dia 21, sua unidade Sum\u00e9.<\/p>\n<p>De acordo com o empres\u00e1rio, Irandy Roberto, a CPNet j\u00e1 come\u00e7a a trabalhar em Sum\u00e9 com 100% Fibra \u00f3ptica, uma tecnologia que vai permitir com que a sua internet tenha uma estabilidade muito melhor que a convencional.<\/p>\n<p>As pessoas que j\u00e1 t\u00eam a internet CPNet comentam que a empresa oferece a melhor conex\u00e3o do mercado e a estabilidade que voc\u00ea realmente pode confiar.<\/p>\n<p>A inaugura\u00e7\u00e3o ser\u00e1 \u00e0s 18h, em frente \u00e0 sede na Rua Jo\u00e3o Sabi\u00e1, subida para o Hospital. Durante a inaugura\u00e7\u00e3o haver\u00e1 show com\u00a0Lino &amp; J\u00fanior.<\/p>\n<p><a href=\"http:\/\/caririemacao.com\/1\/wp-content\/uploads\/2018\/05\/33081646_120707125473221_3873849626687700992_n.jpg\"><img fetchpriority=\"high\" decoding=\"async\" class=\"alignnone size-full wp-image-51701\" src=\"http:\/\/caririemacao.com\/1\/wp-content\/uploads\/2018\/05\/33081646_120707125473221_3873849626687700992_n.jpg\" alt=\"\" width=\"960\" height=\"678\" srcset=\"https:\/\/www.caririemacao.com\/1\/wp-content\/uploads\/2018\/05\/33081646_120707125473221_3873849626687700992_n.jpg 960w, https:\/\/www.caririemacao.com\/1\/wp-content\/uploads\/2018\/05\/33081646_120707125473221_3873849626687700992_n-300x212.jpg 300w, https:\/\/www.caririemacao.com\/1\/wp-content\/uploads\/2018\/05\/33081646_120707125473221_3873849626687700992_n-768x542.jpg 768w\" sizes=\"(max-width: 960px) 100vw, 960px\" \/><\/a><\/p>\n<p>Aproveite e conhe\u00e7a os planos CPNet para que voc\u00ea fique sempre a frente acessando uma Internet de ultra velocidade com toda qualidade de rede em 100% via fibra \u00f3ptica.<\/p>\n<p><a href=\"http:\/\/caririemacao.com\/1\/wp-content\/uploads\/2018\/05\/WhatsApp-Image-2018-05-21-at-09.59.50.jpeg\"><img decoding=\"async\" class=\"alignnone size-full wp-image-51702 lazyload\" data-src=\"http:\/\/caririemacao.com\/1\/wp-content\/uploads\/2018\/05\/WhatsApp-Image-2018-05-21-at-09.59.50.jpeg\" alt=\"\" width=\"853\" height=\"1280\" data-srcset=\"https:\/\/www.caririemacao.com\/1\/wp-content\/uploads\/2018\/05\/WhatsApp-Image-2018-05-21-at-09.59.50.jpeg 853w, https:\/\/www.caririemacao.com\/1\/wp-content\/uploads\/2018\/05\/WhatsApp-Image-2018-05-21-at-09.59.50-200x300.jpeg 200w, https:\/\/www.caririemacao.com\/1\/wp-content\/uploads\/2018\/05\/WhatsApp-Image-2018-05-21-at-09.59.50-768x1152.jpeg 768w, https:\/\/www.caririemacao.com\/1\/wp-content\/uploads\/2018\/05\/WhatsApp-Image-2018-05-21-at-09.59.50-682x1024.jpeg 682w\" data-sizes=\"(max-width: 853px) 100vw, 853px\" src=\"data:image\/svg+xml;base64,PHN2ZyB3aWR0aD0iMSIgaGVpZ2h0PSIxIiB4bWxucz0iaHR0cDovL3d3dy53My5vcmcvMjAwMC9zdmciPjwvc3ZnPg==\" style=\"--smush-placeholder-width: 853px; --smush-placeholder-aspect-ratio: 853\/1280;\" \/><\/a><\/p>\n<p><strong>CARIRI EM A\u00c7\u00c3O<\/strong><\/p>\n<p>Leia mais not\u00edcias em\u00a0<a style=\"font-style: inherit; font-weight: inherit;\" href=\"http:\/\/www.caririemacao.com\/\">caririemacao.com<\/a>, siga nossa p\u00e1gina no\u00a0<a style=\"font-style: inherit; font-weight: inherit;\" href=\"https:\/\/www.facebook.com\/CaririEmAcao\/?ref=aymt_homepage_panel\">Facebook<\/a>,\u00a0<a style=\"font-style: inherit; font-weight: inherit;\" href=\"https:\/\/www.instagram.com\/cariri_em_acao\/?hl=pt-br\">Instagram<\/a>\u00a0e\u00a0<a style=\"font-style: inherit; font-weight: inherit;\" href=\"https:\/\/www.youtube.com\/channel\/UCAptA0jQuYQy8vMhLt2m4qg\">Youtube<\/a>\u00a0e veja nossas mat\u00e9rias, v\u00eddeos e fotos. Voc\u00ea tamb\u00e9m pode enviar informa\u00e7\u00f5es \u00e0 Reda\u00e7\u00e3o do Portal Cariri em A\u00e7\u00e3o pelo WhatsApp (83) 9 9634.5791, (83) 9 9601-1162.<\/p>\n","protected":false},"excerpt":{"rendered":"<p>A CPNet, provedor de Internet que mais cresce no Cariri da Para\u00edba estar\u00e1 inaugurando na tarde desta segunda-feira, dia 21, sua unidade Sum\u00e9. De acordo&hellip; <\/p>\n","protected":false},"author":2,"featured_media":51700,"comment_status":"closed","ping_status":"closed","sticky":false,"template":"","format":"standard","meta":{"sfsi_plus_gutenberg_text_before_share":"","sfsi_plus_gutenberg_show_text_before_share":"","sfsi_plus_gutenberg_icon_type":"","sfsi_plus_gutenberg_icon_alignemt":"","sfsi_plus_gutenburg_max_per_row":"","footnotes":""},"categories":[2],"tags":[],"class_list":["post-51699","post","type-post","status-publish","format-standard","has-post-thumbnail","hentry","category-geral"],"_links":{"self":[{"href":"https:\/\/www.caririemacao.com\/1\/wp-json\/wp\/v2\/posts\/51699","targetHints":{"allow":["GET"]}}],"collection":[{"href":"https:\/\/www.caririemacao.com\/1\/wp-json\/wp\/v2\/posts"}],"about":[{"href":"https:\/\/www.caririemacao.com\/1\/wp-json\/wp\/v2\/types\/post"}],"author":[{"embeddable":true,"href":"https:\/\/www.caririemacao.com\/1\/wp-json\/wp\/v2\/users\/2"}],"replies":[{"embeddable":true,"href":"https:\/\/www.caririemacao.com\/1\/wp-json\/wp\/v2\/comments?post=51699"}],"version-history":[{"count":0,"href":"https:\/\/www.caririemacao.com\/1\/wp-json\/wp\/v2\/posts\/51699\/revisions"}],"wp:featuredmedia":[{"embeddable":true,"href":"https:\/\/www.caririemacao.com\/1\/wp-json\/wp\/v2\/media\/51700"}],"wp:attachment":[{"href":"https:\/\/www.caririemacao.com\/1\/wp-json\/wp\/v2\/media?parent=51699"}],"wp:term":[{"taxonomy":"category","embeddable":true,"href":"https:\/\/www.caririemacao.com\/1\/wp-json\/wp\/v2\/categories?post=51699"},{"taxonomy":"post_tag","embeddable":true,"href":"https:\/\/www.caririemacao.com\/1\/wp-json\/wp\/v2\/tags?post=51699"}],"curies":[{"name":"wp","href":"https:\/\/api.w.org\/{rel}","templated":true}]}}