{"id":51713,"date":"2018-05-21T10:23:33","date_gmt":"2018-05-21T13:23:33","guid":{"rendered":"http:\/\/caririemacao.com\/1\/?p=51713"},"modified":"2018-05-21T10:23:33","modified_gmt":"2018-05-21T13:23:33","slug":"inscricoes-para-concurso-publico-da-prefeitura-de-santo-andre-no-cariri-sao-inciadas","status":"publish","type":"post","link":"https:\/\/www.caririemacao.com\/1\/2018\/05\/21\/inscricoes-para-concurso-publico-da-prefeitura-de-santo-andre-no-cariri-sao-inciadas\/","title":{"rendered":"Inscri\u00e7\u00f5es para concurso p\u00fablico da Prefeitura de Santo Andr\u00e9, no Cariri, s\u00e3o inciadas"},"content":{"rendered":"<p>A Prefeitura Municipal de Santo Andr\u00e9 divulgou o edital de concurso p\u00fablico para o munic\u00edpio. As inscri\u00e7\u00f5es come\u00e7am nesta segunda-feira (21) e v\u00e3o at\u00e9 17 de junho.\u00a0 Os sal\u00e1rios ofertados chegam a R$ 2.070,00.<\/p>\n<p>Confira\u00a0<a href=\"https:\/\/cpcon.uepb.edu.br\/concursos\/PMSantoAndrePB2018\/Edital\/EDITAL_NORMATIVO_CONCURSO_PUBLICO_N_001_2018_PMSA-PB.pdf\">o edital<\/a>. As vagas s\u00e3o para n\u00edvel fundamental, m\u00e9dio e superior.<\/p>\n<p>Ao todo, s\u00e3o 30 vagas para profissionais das diversas \u00e1reas. Entre os cargos ofertados est\u00e3o os de agente administrativo, digitador, eletricista, t\u00e9cnico de enfermagem, monitor de creche, assistente social, fisioterapeuta, m\u00e9dico, m\u00e9dico veterin\u00e1rio, nutricionista, professor de Artes, de Ci\u00eancias e de Educa\u00e7\u00e3o F\u00edsica.<\/p>\n<p>Para realizar a inscri\u00e7\u00e3o basta acessar o\u00a0<a href=\"https:\/\/cpcon.uepb.edu.br\/concursos\/PMSantoAndrePB2018\/\">link\u00a0<\/a><\/p>\n<p>Ficam isentos de pagamento da taxa de inscri\u00e7\u00e3o as pessoas doadoras de medula \u00f3ssea, doadores de sangue e doadoras de leite materno. Para os demais candidatos o\u00a0valor da inscri\u00e7\u00e3o \u00e9 de R$ 80, R$ 100 e R$ 120.\u00a0O boleto banc\u00e1rio poder\u00e1 ser quitado at\u00e9 o dia 18 de junho. A prova escrita ser\u00e1 realizada no dia 29 de julho, e a segunda fase \u00e9 para todos os cargos do magist\u00e9rio.<\/p>\n<p><strong>CARIRI EM A\u00c7\u00c3O<\/strong><\/p>\n<p>Com Ascom \/Foto: Reprodu\u00e7\u00e3o Internet<\/p>\n<p>Leia mais not\u00edcias em\u00a0<a href=\"http:\/\/www.caririemacao.com\/\">caririemacao.com<\/a>, siga nossa p\u00e1gina no\u00a0<a href=\"https:\/\/www.facebook.com\/CaririEmAcao\/?ref=aymt_homepage_panel\">Facebook<\/a>,\u00a0<a href=\"https:\/\/www.instagram.com\/cariri_em_acao\/?hl=pt-br\">Instagram<\/a>\u00a0e <a href=\"https:\/\/www.youtube.com\/channel\/UCAptA0jQuYQy8vMhLt2m4qg\">Youtube<\/a>\u00a0e veja nossas mat\u00e9rias, v\u00eddeos e fotos. Voc\u00ea tamb\u00e9m pode enviar informa\u00e7\u00f5es \u00e0 Reda\u00e7\u00e3o do Portal Cariri em A\u00e7\u00e3o pelo WhatsApp (83) 9 9634.5791, (83) 9 9601-1162.<\/p>\n","protected":false},"excerpt":{"rendered":"<p>A Prefeitura Municipal de Santo Andr\u00e9 divulgou o edital de concurso p\u00fablico para o munic\u00edpio. As inscri\u00e7\u00f5es come\u00e7am nesta segunda-feira (21) e v\u00e3o at\u00e9 17&hellip; <\/p>\n","protected":false},"author":2,"featured_media":21335,"comment_status":"closed","ping_status":"closed","sticky":false,"template":"","format":"standard","meta":{"sfsi_plus_gutenberg_text_before_share":"","sfsi_plus_gutenberg_show_text_before_share":"","sfsi_plus_gutenberg_icon_type":"","sfsi_plus_gutenberg_icon_alignemt":"","sfsi_plus_gutenburg_max_per_row":"","footnotes":""},"categories":[2],"tags":[],"class_list":["post-51713","post","type-post","status-publish","format-standard","has-post-thumbnail","hentry","category-geral"],"_links":{"self":[{"href":"https:\/\/www.caririemacao.com\/1\/wp-json\/wp\/v2\/posts\/51713","targetHints":{"allow":["GET"]}}],"collection":[{"href":"https:\/\/www.caririemacao.com\/1\/wp-json\/wp\/v2\/posts"}],"about":[{"href":"https:\/\/www.caririemacao.com\/1\/wp-json\/wp\/v2\/types\/post"}],"author":[{"embeddable":true,"href":"https:\/\/www.caririemacao.com\/1\/wp-json\/wp\/v2\/users\/2"}],"replies":[{"embeddable":true,"href":"https:\/\/www.caririemacao.com\/1\/wp-json\/wp\/v2\/comments?post=51713"}],"version-history":[{"count":0,"href":"https:\/\/www.caririemacao.com\/1\/wp-json\/wp\/v2\/posts\/51713\/revisions"}],"wp:featuredmedia":[{"embeddable":true,"href":"https:\/\/www.caririemacao.com\/1\/wp-json\/wp\/v2\/media\/21335"}],"wp:attachment":[{"href":"https:\/\/www.caririemacao.com\/1\/wp-json\/wp\/v2\/media?parent=51713"}],"wp:term":[{"taxonomy":"category","embeddable":true,"href":"https:\/\/www.caririemacao.com\/1\/wp-json\/wp\/v2\/categories?post=51713"},{"taxonomy":"post_tag","embeddable":true,"href":"https:\/\/www.caririemacao.com\/1\/wp-json\/wp\/v2\/tags?post=51713"}],"curies":[{"name":"wp","href":"https:\/\/api.w.org\/{rel}","templated":true}]}}