{"id":51718,"date":"2018-05-21T10:33:12","date_gmt":"2018-05-21T13:33:12","guid":{"rendered":"http:\/\/caririemacao.com\/1\/?p=51718"},"modified":"2018-05-21T10:37:28","modified_gmt":"2018-05-21T13:37:28","slug":"rodovia-e-liberada-apos-protesto-para-cobrar-reducao-no-preco-do-diesel","status":"publish","type":"post","link":"https:\/\/www.caririemacao.com\/1\/2018\/05\/21\/rodovia-e-liberada-apos-protesto-para-cobrar-reducao-no-preco-do-diesel\/","title":{"rendered":"Rodovia \u00e9 liberada ap\u00f3s protesto para cobrar redu\u00e7\u00e3o no pre\u00e7o do diesel"},"content":{"rendered":"<p>Um protesto bloqueou, na manh\u00e3 desta segunda-feira (21), o fluxo de caminh\u00f5es em um trecho da BR-230, em Campina Grande, a 130 quil\u00f4metros de Jo\u00e3o Pessoa. O bloqueio interditou a rodovia na altura do KM 153. Ap\u00f3s aglomera\u00e7\u00e3o de manifestantes com caminh\u00f5es no local, o tr\u00e2nsito no local foi liberado nos dois sentidos.<\/p>\n<p>Os manifestantes reivindicam a redu\u00e7\u00e3o no pre\u00e7o do \u00f3leo diesel e a atualiza\u00e7\u00e3o no valor cobrado pelo frete. Os caminhoneiros tamb\u00e9m pedem melhorias nas condi\u00e7\u00f5es de trabalho.<\/p>\n<p>De acordo com a PRF, um trecho da rodovia no Sert\u00e3o tamb\u00e9m estaria sendo alvo dos protestos. Informa\u00e7\u00f5es d\u00e3o conta que 12 caminh\u00f5es bloquearam a BR-230, na altura do KM 481, em Mariz\u00f3polis.<\/p>\n<p>Ainda segundo a PRF, cerca de 20 caminh\u00f5es estariam concentrados no KM 213, da BR-230, munic\u00edpio de Soledade\/PB. N\u00e3o informa\u00e7\u00f5es sobre a realiza\u00e7\u00e3o ou n\u00e3o de protestos no local.<\/p>\n<p><strong>Liminar pro\u00edbe interdi\u00e7\u00e3o<\/strong><\/p>\n<p>Uma liminar proibindo a interdi\u00e7\u00e3o pelos caminhoneiros foi concedida pelo juiz Emiliano Zapata, nesse domingo (20). Com a decis\u00e3o do magistrado, o sindicato da categoria est\u00e1 sujeito a pagamento de multa no valor de R$ 200 mil.<\/p>\n<p><strong>CARIRI EM A\u00c7\u00c3O<\/strong><\/p>\n<p>Com Portal Correio\/Foto: Reprodu\u00e7\u00e3o Internet<\/p>\n<p>Leia mais not\u00edcias em\u00a0<a href=\"http:\/\/www.caririemacao.com\/\">caririemacao.com<\/a>, siga nossa p\u00e1gina no\u00a0<a href=\"https:\/\/www.facebook.com\/CaririEmAcao\/?ref=aymt_homepage_panel\">Facebook<\/a>,\u00a0<a href=\"https:\/\/www.instagram.com\/cariri_em_acao\/?hl=pt-br\">Instagram<\/a>\u00a0e <a href=\"https:\/\/www.youtube.com\/channel\/UCAptA0jQuYQy8vMhLt2m4qg\">Youtube<\/a>\u00a0e veja nossas mat\u00e9rias, v\u00eddeos e fotos. Voc\u00ea tamb\u00e9m pode enviar informa\u00e7\u00f5es \u00e0 Reda\u00e7\u00e3o do Portal Cariri em A\u00e7\u00e3o pelo WhatsApp (83) 9 9634.5791, (83) 9 9601-1162.<\/p>\n","protected":false},"excerpt":{"rendered":"<p>Um protesto bloqueou, na manh\u00e3 desta segunda-feira (21), o fluxo de caminh\u00f5es em um trecho da BR-230, em Campina Grande, a 130 quil\u00f4metros de Jo\u00e3o&hellip; <\/p>\n","protected":false},"author":2,"featured_media":47353,"comment_status":"closed","ping_status":"closed","sticky":false,"template":"","format":"standard","meta":{"sfsi_plus_gutenberg_text_before_share":"","sfsi_plus_gutenberg_show_text_before_share":"","sfsi_plus_gutenberg_icon_type":"","sfsi_plus_gutenberg_icon_alignemt":"","sfsi_plus_gutenburg_max_per_row":"","footnotes":""},"categories":[2],"tags":[],"class_list":["post-51718","post","type-post","status-publish","format-standard","has-post-thumbnail","hentry","category-geral"],"_links":{"self":[{"href":"https:\/\/www.caririemacao.com\/1\/wp-json\/wp\/v2\/posts\/51718","targetHints":{"allow":["GET"]}}],"collection":[{"href":"https:\/\/www.caririemacao.com\/1\/wp-json\/wp\/v2\/posts"}],"about":[{"href":"https:\/\/www.caririemacao.com\/1\/wp-json\/wp\/v2\/types\/post"}],"author":[{"embeddable":true,"href":"https:\/\/www.caririemacao.com\/1\/wp-json\/wp\/v2\/users\/2"}],"replies":[{"embeddable":true,"href":"https:\/\/www.caririemacao.com\/1\/wp-json\/wp\/v2\/comments?post=51718"}],"version-history":[{"count":0,"href":"https:\/\/www.caririemacao.com\/1\/wp-json\/wp\/v2\/posts\/51718\/revisions"}],"wp:featuredmedia":[{"embeddable":true,"href":"https:\/\/www.caririemacao.com\/1\/wp-json\/wp\/v2\/media\/47353"}],"wp:attachment":[{"href":"https:\/\/www.caririemacao.com\/1\/wp-json\/wp\/v2\/media?parent=51718"}],"wp:term":[{"taxonomy":"category","embeddable":true,"href":"https:\/\/www.caririemacao.com\/1\/wp-json\/wp\/v2\/categories?post=51718"},{"taxonomy":"post_tag","embeddable":true,"href":"https:\/\/www.caririemacao.com\/1\/wp-json\/wp\/v2\/tags?post=51718"}],"curies":[{"name":"wp","href":"https:\/\/api.w.org\/{rel}","templated":true}]}}