{"id":51722,"date":"2018-05-21T10:39:36","date_gmt":"2018-05-21T13:39:36","guid":{"rendered":"http:\/\/caririemacao.com\/1\/?p=51722"},"modified":"2018-05-21T10:39:36","modified_gmt":"2018-05-21T13:39:36","slug":"taxa-de-inscricao-no-enem-deve-ser-paga-ate-quarta-feira","status":"publish","type":"post","link":"https:\/\/www.caririemacao.com\/1\/2018\/05\/21\/taxa-de-inscricao-no-enem-deve-ser-paga-ate-quarta-feira\/","title":{"rendered":"Taxa de inscri\u00e7\u00e3o no Enem deve ser paga at\u00e9 quarta-feira"},"content":{"rendered":"<p>Os candidatos que se inscreveram no Exame Nacional do Ensino M\u00e9dio (Enem) t\u00eam at\u00e9 a pr\u00f3xima quarta-feira (23) para fazer o pagamento da taxa de inscri\u00e7\u00e3o, de R$ 82, para quem n\u00e3o for isento.\u00a0O pagamento deve ser feito por meio da Guia de Recolhimento da Uni\u00e3o (GRU Cobran\u00e7a), que \u00e9 gerada ao fim da inscri\u00e7\u00e3o. A guia pode ser paga em qualquer ag\u00eancia banc\u00e1ria, casa lot\u00e9rica ou ag\u00eancia dos Correios, respeitados os hor\u00e1rios de compensa\u00e7\u00e3o banc\u00e1ria.<\/p>\n<p>A inscri\u00e7\u00e3o s\u00f3 ser\u00e1 confirmada ap\u00f3s o processamento do pagamento. Segundo o Inep, a inscri\u00e7\u00e3o cujo pagamento n\u00e3o tenha sido efetuado at\u00e9 23 de maio n\u00e3o ser\u00e1 confirmada. \u00c9 responsabilidade exclusiva do participante acompanhar a situa\u00e7\u00e3o de sua inscri\u00e7\u00e3o e a divulga\u00e7\u00e3o do seu local de prova no endere\u00e7o\u00a0<a href=\"http:\/\/enem.inep.gov.br\/participante\" target=\"_blank\" rel=\"noopener\">http:\/\/enem.inep.gov.br\/participante<\/a>.<\/p>\n<p>\u201cN\u00e3o haver\u00e1 prorroga\u00e7\u00e3o do prazo para pagamento da taxa de inscri\u00e7\u00e3o, ainda que o \u00faltimo dia do prazo, 23 de maio de 2018, seja feriado estadual, distrital ou municipal no local escolhido pelo participante para o pagamento da taxa\u201d, diz o edital do Enem.<\/p>\n<p>O Instituto Nacional de Estudos e Pesquisas Educacionais An\u00edsio Teixeira (Inep) orienta os participantes a selecionar a data de pagamento, porque alguns bancos agendam automaticamente o d\u00e9bito para a data de vencimento da Guia de Recolhimento da Uni\u00e3o (GRU), no caso, 23 de maio. Todos os inscritos devem retornar \u00e0 P\u00e1gina do Participante para conferir a situa\u00e7\u00e3o de sua inscri\u00e7\u00e3o.<\/p>\n<p>O prazo de inscri\u00e7\u00e3o terminou \u00e0s 23h59 de sexta-feira (18). O \u00faltimo balan\u00e7o divulgado pelo Inep foi na manh\u00e3 de sexta-feira, quando o n\u00famero de inscritos tinha chegado a 6 milh\u00f5es. No ano passado, 6,7 milh\u00f5es de pessoas se inscreveram para participar do Enem.<\/p>\n<p>Ao todo, 3.361.468 pessoas foram beneficiadas com a gratuidade por se enquadrarem em um dos quatro perfis que davam direito \u00e0 isen\u00e7\u00e3o.<\/p>\n<p><strong>CARIRI EM A\u00c7\u00c3O<\/strong><\/p>\n<p>Com Ag\u00eancia Brasil\/Foto: Reprodu\u00e7\u00e3o Internet<\/p>\n<p>Leia mais not\u00edcias em\u00a0<a href=\"http:\/\/www.caririemacao.com\/\">caririemacao.com<\/a>, siga nossa p\u00e1gina no\u00a0<a href=\"https:\/\/www.facebook.com\/CaririEmAcao\/?ref=aymt_homepage_panel\">Facebook<\/a>,\u00a0<a href=\"https:\/\/www.instagram.com\/cariri_em_acao\/?hl=pt-br\">Instagram<\/a>\u00a0e <a href=\"https:\/\/www.youtube.com\/channel\/UCAptA0jQuYQy8vMhLt2m4qg\">Youtube<\/a>\u00a0e veja nossas mat\u00e9rias, v\u00eddeos e fotos. Voc\u00ea tamb\u00e9m pode enviar informa\u00e7\u00f5es \u00e0 Reda\u00e7\u00e3o do Portal Cariri em A\u00e7\u00e3o pelo WhatsApp (83) 9 9634.5791, (83) 9 9601-1162.<\/p>\n","protected":false},"excerpt":{"rendered":"<p>Os candidatos que se inscreveram no Exame Nacional do Ensino M\u00e9dio (Enem) t\u00eam at\u00e9 a pr\u00f3xima quarta-feira (23) para fazer o pagamento da taxa de&hellip; <\/p>\n","protected":false},"author":2,"featured_media":20867,"comment_status":"closed","ping_status":"closed","sticky":false,"template":"","format":"standard","meta":{"sfsi_plus_gutenberg_text_before_share":"","sfsi_plus_gutenberg_show_text_before_share":"","sfsi_plus_gutenberg_icon_type":"","sfsi_plus_gutenberg_icon_alignemt":"","sfsi_plus_gutenburg_max_per_row":"","footnotes":""},"categories":[14],"tags":[],"class_list":["post-51722","post","type-post","status-publish","format-standard","has-post-thumbnail","hentry","category-educacao"],"_links":{"self":[{"href":"https:\/\/www.caririemacao.com\/1\/wp-json\/wp\/v2\/posts\/51722","targetHints":{"allow":["GET"]}}],"collection":[{"href":"https:\/\/www.caririemacao.com\/1\/wp-json\/wp\/v2\/posts"}],"about":[{"href":"https:\/\/www.caririemacao.com\/1\/wp-json\/wp\/v2\/types\/post"}],"author":[{"embeddable":true,"href":"https:\/\/www.caririemacao.com\/1\/wp-json\/wp\/v2\/users\/2"}],"replies":[{"embeddable":true,"href":"https:\/\/www.caririemacao.com\/1\/wp-json\/wp\/v2\/comments?post=51722"}],"version-history":[{"count":0,"href":"https:\/\/www.caririemacao.com\/1\/wp-json\/wp\/v2\/posts\/51722\/revisions"}],"wp:featuredmedia":[{"embeddable":true,"href":"https:\/\/www.caririemacao.com\/1\/wp-json\/wp\/v2\/media\/20867"}],"wp:attachment":[{"href":"https:\/\/www.caririemacao.com\/1\/wp-json\/wp\/v2\/media?parent=51722"}],"wp:term":[{"taxonomy":"category","embeddable":true,"href":"https:\/\/www.caririemacao.com\/1\/wp-json\/wp\/v2\/categories?post=51722"},{"taxonomy":"post_tag","embeddable":true,"href":"https:\/\/www.caririemacao.com\/1\/wp-json\/wp\/v2\/tags?post=51722"}],"curies":[{"name":"wp","href":"https:\/\/api.w.org\/{rel}","templated":true}]}}