{"id":51725,"date":"2018-05-21T10:47:36","date_gmt":"2018-05-21T13:47:36","guid":{"rendered":"http:\/\/caririemacao.com\/1\/?p=51725"},"modified":"2018-05-21T10:47:36","modified_gmt":"2018-05-21T13:47:36","slug":"maia-e-eunicio-anunciam-comissao-para-discutir-aumento-em-combustiveis","status":"publish","type":"post","link":"https:\/\/www.caririemacao.com\/1\/2018\/05\/21\/maia-e-eunicio-anunciam-comissao-para-discutir-aumento-em-combustiveis\/","title":{"rendered":"Maia e Eunicio anunciam comiss\u00e3o para discutir aumento em combust\u00edveis"},"content":{"rendered":"<p>A menos de cinco meses das elei\u00e7\u00f5es, os presidentes da C\u00e2mara e do Senado, Rodrigo Maia (DEM-RJ) e Eun\u00edcio Oliveira (MDB-CE), anunciaram nesta segunda-feira (21) uma comiss\u00e3o geral conjunta no dia 30 de maio para discutir e mediar solu\u00e7\u00f5es para os\u00a0sucessivos aumentos\u00a0nos pre\u00e7os da gasolina,\u00a0do diese\u00a0e do g\u00e1s de cozinha.<\/p>\n<p>O an\u00fancio foi feito em uma nota conjunta dos dois presidentes, que enfrentar\u00e3o as urnas em outubro. Maia \u00e9 pr\u00e9-candidato \u00e0 Presid\u00eancia da Rep\u00fablica e Eun\u00edcio disputar\u00e1 a reelei\u00e7\u00e3o ao Senado.<\/p>\n<p>Em v\u00e1rias cidades brasileiras, caminhoneiros iniciaram a semana interditando rodovias em protesto contra o aumento dos pre\u00e7os dos combust\u00edveis.<\/p>\n<p>Na semana passada, a\u00a0Petrobras\u00a0havia anunciado que subiria novamente os valores: 0,80% o pre\u00e7o do diesel e 1,34% o da gasolina nas refinarias a partir de s\u00e1bado (19).<\/p>\n<p>\u201cO pre\u00e7o dos combust\u00edveis, no n\u00edvel em que se encontra, impacta negativamente o dia a dia dos brasileiros\u201d, diz a nota conjunta.<\/p>\n<p>Representantes de Petrobras, distribuidoras, postos, governo e estudiosos do setor ser\u00e3o convidados para a discuss\u00e3o, segundo o comunicado.<\/p>\n<p>Na sexta-feira (18), o ministro Moreira Franco (Minas e Energia) disse que o governo quer discutir a pol\u00edtica de pre\u00e7os dos combust\u00edveis no pa\u00eds, diante da escalada recente provocada pela alta do pre\u00e7o do petr\u00f3leo no mercado internacional.<\/p>\n<p><strong>CARIRI EM A\u00c7\u00c3O<\/strong><\/p>\n<p>Com G1 \/Foto: Reprodu\u00e7\u00e3o Internet, Divulga\u00e7\u00e3o<\/p>\n<p>Leia mais not\u00edcias em\u00a0<a href=\"http:\/\/www.caririemacao.com\/\">caririemacao.com<\/a>, siga nossa p\u00e1gina no\u00a0<a href=\"https:\/\/www.facebook.com\/CaririEmAcao\/?ref=aymt_homepage_panel\">Facebook<\/a>,\u00a0<a href=\"https:\/\/www.instagram.com\/cariri_em_acao\/?hl=pt-br\">Instagram<\/a>\u00a0e <a href=\"https:\/\/www.youtube.com\/channel\/UCAptA0jQuYQy8vMhLt2m4qg\">Youtube<\/a>\u00a0e veja nossas mat\u00e9rias, v\u00eddeos e fotos. Voc\u00ea tamb\u00e9m pode enviar informa\u00e7\u00f5es \u00e0 Reda\u00e7\u00e3o do Portal Cariri em A\u00e7\u00e3o pelo WhatsApp (83) 9 9634.5791, (83) 9 9601-1162.<\/p>\n","protected":false},"excerpt":{"rendered":"<p>A menos de cinco meses das elei\u00e7\u00f5es, os presidentes da C\u00e2mara e do Senado, Rodrigo Maia (DEM-RJ) e Eun\u00edcio Oliveira (MDB-CE), anunciaram nesta segunda-feira (21)&hellip; <\/p>\n","protected":false},"author":2,"featured_media":51727,"comment_status":"closed","ping_status":"closed","sticky":false,"template":"","format":"standard","meta":{"sfsi_plus_gutenberg_text_before_share":"","sfsi_plus_gutenberg_show_text_before_share":"","sfsi_plus_gutenberg_icon_type":"","sfsi_plus_gutenberg_icon_alignemt":"","sfsi_plus_gutenburg_max_per_row":"","footnotes":""},"categories":[11],"tags":[],"class_list":["post-51725","post","type-post","status-publish","format-standard","has-post-thumbnail","hentry","category-politica"],"_links":{"self":[{"href":"https:\/\/www.caririemacao.com\/1\/wp-json\/wp\/v2\/posts\/51725","targetHints":{"allow":["GET"]}}],"collection":[{"href":"https:\/\/www.caririemacao.com\/1\/wp-json\/wp\/v2\/posts"}],"about":[{"href":"https:\/\/www.caririemacao.com\/1\/wp-json\/wp\/v2\/types\/post"}],"author":[{"embeddable":true,"href":"https:\/\/www.caririemacao.com\/1\/wp-json\/wp\/v2\/users\/2"}],"replies":[{"embeddable":true,"href":"https:\/\/www.caririemacao.com\/1\/wp-json\/wp\/v2\/comments?post=51725"}],"version-history":[{"count":0,"href":"https:\/\/www.caririemacao.com\/1\/wp-json\/wp\/v2\/posts\/51725\/revisions"}],"wp:featuredmedia":[{"embeddable":true,"href":"https:\/\/www.caririemacao.com\/1\/wp-json\/wp\/v2\/media\/51727"}],"wp:attachment":[{"href":"https:\/\/www.caririemacao.com\/1\/wp-json\/wp\/v2\/media?parent=51725"}],"wp:term":[{"taxonomy":"category","embeddable":true,"href":"https:\/\/www.caririemacao.com\/1\/wp-json\/wp\/v2\/categories?post=51725"},{"taxonomy":"post_tag","embeddable":true,"href":"https:\/\/www.caririemacao.com\/1\/wp-json\/wp\/v2\/tags?post=51725"}],"curies":[{"name":"wp","href":"https:\/\/api.w.org\/{rel}","templated":true}]}}