{"id":51729,"date":"2018-05-21T10:52:21","date_gmt":"2018-05-21T13:52:21","guid":{"rendered":"http:\/\/caririemacao.com\/1\/?p=51729"},"modified":"2018-05-21T10:52:21","modified_gmt":"2018-05-21T13:52:21","slug":"brasil-e-outros-13-paises-da-regiao-nao-reconhecem-eleicao-na-venezuela","status":"publish","type":"post","link":"https:\/\/www.caririemacao.com\/1\/2018\/05\/21\/brasil-e-outros-13-paises-da-regiao-nao-reconhecem-eleicao-na-venezuela\/","title":{"rendered":"Brasil e outros 13 pa\u00edses da regi\u00e3o n\u00e3o reconhecem elei\u00e7\u00e3o na Venezuela"},"content":{"rendered":"<p>O governo brasileiro e outros 13 pa\u00edses anunciaram nesta segunda-feira (21) que\u00a0n\u00e3o reconhecem\u00a0a\u00a0elei\u00e7\u00e3o presidencial venezuelana\u00a0e que ir\u00e3o convocar seus embaixadores em Caracas para consultas.<\/p>\n<p>Os representantes diplom\u00e1ticos da Venezuela em cada um dos pa\u00edses tamb\u00e9m ser\u00e3o convocados para receberem um protesto oficial, diz a nota assinada pelas 14 na\u00e7\u00f5es que formam o grupo de Lima \u2014 Argentina, Canad\u00e1, Chile, Col\u00f4mbia, Costa Rica, Guatemala, Guiana, Honduras, M\u00e9xico, Panam\u00e1, Paraguai, Peru e Santa L\u00facia, al\u00e9m do Brasil.<\/p>\n<p>Segundo o comunicado, os pa\u00edses &#8220;n\u00e3o reconhecem a legitimidade do\u00a0processo eleitoral\u00a0que teve lugar na Rep\u00fablica Bolivariana da Venezuela, conclu\u00eddo em 20 de maio passado, por n\u00e3o estar em conformidade com os padr\u00f5es internacionais de um processo democr\u00e1tico, livre, justo e transparente&#8221;.<\/p>\n<p>&#8220;[Os pa\u00edses]\u00a0Reiteram sua preocupa\u00e7\u00e3o com o aprofundamento da crise pol\u00edtica, econ\u00f4mica, social e humanit\u00e1ria que deteriorou a vida na Venezuela, o que se reflete na migra\u00e7\u00e3o em massa de venezuelanos que chegam a nossos pa\u00edses em condi\u00e7\u00f5es dif\u00edceis, na perda de institui\u00e7\u00f5es democr\u00e1ticas, do estado de direito e na falta de garantias e liberdades pol\u00edticas dos cidad\u00e3os&#8221;, diz a nota.<\/p>\n<p>O Itamaraty tamb\u00e9m emitiu um comunicado separado, em que refor\u00e7ou as posi\u00e7\u00f5es do grupo de Lima e disse que o\u00a0pleito venezuelano n\u00e3o teve &#8221; legitimidade e credibilidade&#8221;.<\/p>\n<p>Assim, al\u00e9m de anunciar a diminui\u00e7\u00e3o das rela\u00e7\u00f5es diplom\u00e1ticas com Caracas, o grupo tamb\u00e9m afirmou que est\u00e1 preocupado\u00a0com a imigra\u00e7\u00e3o venezuelana e com a situa\u00e7\u00e3o sanit\u00e1ria\u00a0do pa\u00eds.<\/p>\n<p>Por isso, concordou\u00a0em convocar duas reuni\u00f5es para debater os temas\u00a0\u2014a de migra\u00e7\u00e3o ser\u00e1 em junho no Peru, a de sa\u00fade n\u00e3o tem data ou local definidos.<\/p>\n<p>Os pa\u00edses anunciaram\u00a0algumas medidas para pressionar financeiramente\u00a0o governo venezuelano a respeitar as decis\u00f5es da Assembleia Nacional. A Casa, que tem maioria oposicionista, perdeu poderes com a cria\u00e7\u00e3o de uma Constituinte no ano passado.<\/p>\n<p>O grupo de Lima disse que ir\u00e1 intensificar a fiscaliza\u00e7\u00e3o de crimes financeiros, como corrup\u00e7\u00e3o e lavagem de dinheiro, cometidos por empresas ou indiv\u00edduos venezuelanos e pediu que o resto da comunidade internacional fa\u00e7a o mesmo.<\/p>\n<p>Os 14 pa\u00edses pediram ainda que institui\u00e7\u00f5es financeiras regionais e internacionais se neguem a emprestar dinheiro a Caracas, exceto nos casos em que a verba seja utilizada para ajuda humanit\u00e1ria.<\/p>\n<p><strong>CARIRI EM A\u00c7\u00c3O<\/strong><\/p>\n<p>Com Folha Uol\/Foto: Reprodu\u00e7\u00e3o Internet<\/p>\n<p>Leia mais not\u00edcias em\u00a0<a href=\"http:\/\/www.caririemacao.com\/\">caririemacao.com<\/a>, siga nossa p\u00e1gina no\u00a0<a href=\"https:\/\/www.facebook.com\/CaririEmAcao\/?ref=aymt_homepage_panel\">Facebook<\/a>,\u00a0<a href=\"https:\/\/www.instagram.com\/cariri_em_acao\/?hl=pt-br\">Instagram<\/a>\u00a0e <a href=\"https:\/\/www.youtube.com\/channel\/UCAptA0jQuYQy8vMhLt2m4qg\">Youtube<\/a>\u00a0e veja nossas mat\u00e9rias, v\u00eddeos e fotos. Voc\u00ea tamb\u00e9m pode enviar informa\u00e7\u00f5es \u00e0 Reda\u00e7\u00e3o do Portal Cariri em A\u00e7\u00e3o pelo WhatsApp (83) 9 9634.5791, (83) 9 9601-1162.<\/p>\n","protected":false},"excerpt":{"rendered":"<p>O governo brasileiro e outros 13 pa\u00edses anunciaram nesta segunda-feira (21) que\u00a0n\u00e3o reconhecem\u00a0a\u00a0elei\u00e7\u00e3o presidencial venezuelana\u00a0e que ir\u00e3o convocar seus embaixadores em Caracas para consultas. Os&hellip; <\/p>\n","protected":false},"author":2,"featured_media":51518,"comment_status":"closed","ping_status":"closed","sticky":false,"template":"","format":"standard","meta":{"sfsi_plus_gutenberg_text_before_share":"","sfsi_plus_gutenberg_show_text_before_share":"","sfsi_plus_gutenberg_icon_type":"","sfsi_plus_gutenberg_icon_alignemt":"","sfsi_plus_gutenburg_max_per_row":"","footnotes":""},"categories":[11],"tags":[],"class_list":["post-51729","post","type-post","status-publish","format-standard","has-post-thumbnail","hentry","category-politica"],"_links":{"self":[{"href":"https:\/\/www.caririemacao.com\/1\/wp-json\/wp\/v2\/posts\/51729","targetHints":{"allow":["GET"]}}],"collection":[{"href":"https:\/\/www.caririemacao.com\/1\/wp-json\/wp\/v2\/posts"}],"about":[{"href":"https:\/\/www.caririemacao.com\/1\/wp-json\/wp\/v2\/types\/post"}],"author":[{"embeddable":true,"href":"https:\/\/www.caririemacao.com\/1\/wp-json\/wp\/v2\/users\/2"}],"replies":[{"embeddable":true,"href":"https:\/\/www.caririemacao.com\/1\/wp-json\/wp\/v2\/comments?post=51729"}],"version-history":[{"count":0,"href":"https:\/\/www.caririemacao.com\/1\/wp-json\/wp\/v2\/posts\/51729\/revisions"}],"wp:featuredmedia":[{"embeddable":true,"href":"https:\/\/www.caririemacao.com\/1\/wp-json\/wp\/v2\/media\/51518"}],"wp:attachment":[{"href":"https:\/\/www.caririemacao.com\/1\/wp-json\/wp\/v2\/media?parent=51729"}],"wp:term":[{"taxonomy":"category","embeddable":true,"href":"https:\/\/www.caririemacao.com\/1\/wp-json\/wp\/v2\/categories?post=51729"},{"taxonomy":"post_tag","embeddable":true,"href":"https:\/\/www.caririemacao.com\/1\/wp-json\/wp\/v2\/tags?post=51729"}],"curies":[{"name":"wp","href":"https:\/\/api.w.org\/{rel}","templated":true}]}}