{"id":51735,"date":"2018-05-21T11:22:18","date_gmt":"2018-05-21T14:22:18","guid":{"rendered":"http:\/\/caririemacao.com\/1\/?p=51735"},"modified":"2018-05-21T11:22:18","modified_gmt":"2018-05-21T14:22:18","slug":"brasil-passa-a-ser-considerado-livre-de-febre-aftosa","status":"publish","type":"post","link":"https:\/\/www.caririemacao.com\/1\/2018\/05\/21\/brasil-passa-a-ser-considerado-livre-de-febre-aftosa\/","title":{"rendered":"Brasil passa a ser considerado livre de febre aftosa"},"content":{"rendered":"<p>Enquanto trava dura batalha com os europeus, que restringiram as importa\u00e7\u00f5es de frango e pescados, o Brasil recebe quinta-feira certificado de pa\u00eds livre da febre aftosa, concedido pela Organiza\u00e7\u00e3o Mundial de Sa\u00fade Animal (OIE), com sede em Paris. A aftosa \u00e9 uma doen\u00e7a que ataca bovinos e outros animais de casco bipartido. Seu controle facilita a abertura de mercados para exporta\u00e7\u00e3o.<\/p>\n<p>\u201cO novo status sanit\u00e1rio concedido por esta renomada organiza\u00e7\u00e3o representa o reconhecimento da vit\u00f3ria de uma longa e dura trajet\u00f3ria de muita dedica\u00e7\u00e3o de pecuaristas e do setor veterin\u00e1rio oficial brasileiro\u201d, disse o ministro da Agricultura, Blairo Maggi, em discurso ontem na cerim\u00f4nia de abertura da 86\u00aa assembleia da OIE.<\/p>\n<p>O certificado atestar\u00e1 que a febre aftosa est\u00e1 controlada em todo o territ\u00f3rio brasileiro, por meio da aplica\u00e7\u00e3o de vacinas. \u201cNosso novo grande desafio ser\u00e1 enfrentar a etapa final do processo de erradica\u00e7\u00e3o da doen\u00e7a em nosso Pa\u00eds e na Am\u00e9rica do Sul, ampliar nossas zonas livres sem vacina\u00e7\u00e3o e, em especial no Brasil, alcan\u00e7ar a condi\u00e7\u00e3o de pa\u00eds livre da febre aftosa sem vacina\u00e7\u00e3o\u201d, afirmou o ministro.<\/p>\n<p>Para chegar a essa condi\u00e7\u00e3o, reconheceu Maggi, \u00e9 preciso avan\u00e7ar na preven\u00e7\u00e3o, vigil\u00e2ncia e resposta a emerg\u00eancias que venham a ocorrer. \u201cSer\u00e3o necess\u00e1rios muito mais investimentos no servi\u00e7o veterin\u00e1rio\u201d.<\/p>\n<p>Maggi esteve na semana passada na China e iniciou conversas para vender outros produtos de origem bovina, como carne termicamente processada, cuja venda s\u00f3 ser\u00e1 poss\u00edvel por causa do certificado a ser emitido pela OIE. Em reuni\u00e3o com a \u00e1rea da aduana que trata de controle sanit\u00e1rio, foi tratada a exporta\u00e7\u00e3o de mi\u00fados e carne com osso, al\u00e9m de outros itens como arroz, frutas e l\u00e1cteos.<\/p>\n<p>Uma miss\u00e3o t\u00e9cnica chinesa vir\u00e1 ao Brasil no fim de maio ou in\u00edcio de junho para vistoriar frigor\u00edficos. A expectativa \u00e9 que at\u00e9 84 plantas sejam autorizadas e exportar para aquele pa\u00eds. Al\u00e9m disso, na semana passada o governo da Coreia do Sul anunciou que come\u00e7ar\u00e1 a importar carne su\u00edna do Brasil, um mercado potencial de US$ 1,5 bilh\u00e3o.<\/p>\n<p>Segundo Maggi, a pecu\u00e1ria representou Valor Bruto da Produ\u00e7\u00e3o de R$ 175 bilh\u00f5es em 2017. As exporta\u00e7\u00f5es do complexo carne aumentaram 8,9%, somando US$ 15,5 bilh\u00f5es.<\/p>\n<p><strong>Restri\u00e7\u00f5es.<\/strong>\u00a0Por outro lado, o controle brasileiro sobre a produ\u00e7\u00e3o de prote\u00edna animal t\u00eam sido duramente questionado pela Europa. Na semana passada, a Uni\u00e3o Europeia bloqueou a compra de frango de 20 frigor\u00edficos locais por suspeita de uso de laudos sanit\u00e1rios falsos. Tamb\u00e9m informou que vai descredenciar as plantas exportadoras de peixe. Nesse caso, porque as embarca\u00e7\u00f5es n\u00e3o atendem padr\u00f5es exigidos pelo bloco.<\/p>\n<p>\u201cIsso n\u00e3o \u00e9 implic\u00e2ncia da UE\u201d, disse o consultor Pedro de Camargo Neto, ex-presidente da Sociedade Rural Brasileira. \u201cO problema \u00e9 a lentid\u00e3o do Brasil em mostrar sua sanidade.\u201d<\/p>\n<p>Ele observou que a opera\u00e7\u00e3o Carne Fraca j\u00e1 tem mais de um ano, mas o Pa\u00eds segue com fragilidades no controle sanit\u00e1rio. Por causa disso, os EUA fecharam seu mercado \u00e0 carne bovina in natura e at\u00e9 hoje n\u00e3o retomaram suas importa\u00e7\u00f5es.<\/p>\n<p><strong>CARIRI EM A\u00c7\u00c3O<\/strong><\/p>\n<p>Com Estad\u00e3o \/Foto: Reprodu\u00e7\u00e3o Internet<\/p>\n<p>Leia mais not\u00edcias em\u00a0<a href=\"http:\/\/www.caririemacao.com\/\">caririemacao.com<\/a>, siga nossa p\u00e1gina no\u00a0<a href=\"https:\/\/www.facebook.com\/CaririEmAcao\/?ref=aymt_homepage_panel\">Facebook<\/a>,\u00a0<a href=\"https:\/\/www.instagram.com\/cariri_em_acao\/?hl=pt-br\">Instagram<\/a>\u00a0e <a href=\"https:\/\/www.youtube.com\/channel\/UCAptA0jQuYQy8vMhLt2m4qg\">Youtube<\/a>\u00a0e veja nossas mat\u00e9rias, v\u00eddeos e fotos. Voc\u00ea tamb\u00e9m pode enviar informa\u00e7\u00f5es \u00e0 Reda\u00e7\u00e3o do Portal Cariri em A\u00e7\u00e3o pelo WhatsApp (83) 9 9634.5791, (83) 9 9601-1162.<\/p>\n","protected":false},"excerpt":{"rendered":"<p>Enquanto trava dura batalha com os europeus, que restringiram as importa\u00e7\u00f5es de frango e pescados, o Brasil recebe quinta-feira certificado de pa\u00eds livre da febre&hellip; <\/p>\n","protected":false},"author":2,"featured_media":51736,"comment_status":"closed","ping_status":"closed","sticky":false,"template":"","format":"standard","meta":{"sfsi_plus_gutenberg_text_before_share":"","sfsi_plus_gutenberg_show_text_before_share":"","sfsi_plus_gutenberg_icon_type":"","sfsi_plus_gutenberg_icon_alignemt":"","sfsi_plus_gutenburg_max_per_row":"","footnotes":""},"categories":[2],"tags":[],"class_list":["post-51735","post","type-post","status-publish","format-standard","has-post-thumbnail","hentry","category-geral"],"_links":{"self":[{"href":"https:\/\/www.caririemacao.com\/1\/wp-json\/wp\/v2\/posts\/51735","targetHints":{"allow":["GET"]}}],"collection":[{"href":"https:\/\/www.caririemacao.com\/1\/wp-json\/wp\/v2\/posts"}],"about":[{"href":"https:\/\/www.caririemacao.com\/1\/wp-json\/wp\/v2\/types\/post"}],"author":[{"embeddable":true,"href":"https:\/\/www.caririemacao.com\/1\/wp-json\/wp\/v2\/users\/2"}],"replies":[{"embeddable":true,"href":"https:\/\/www.caririemacao.com\/1\/wp-json\/wp\/v2\/comments?post=51735"}],"version-history":[{"count":0,"href":"https:\/\/www.caririemacao.com\/1\/wp-json\/wp\/v2\/posts\/51735\/revisions"}],"wp:featuredmedia":[{"embeddable":true,"href":"https:\/\/www.caririemacao.com\/1\/wp-json\/wp\/v2\/media\/51736"}],"wp:attachment":[{"href":"https:\/\/www.caririemacao.com\/1\/wp-json\/wp\/v2\/media?parent=51735"}],"wp:term":[{"taxonomy":"category","embeddable":true,"href":"https:\/\/www.caririemacao.com\/1\/wp-json\/wp\/v2\/categories?post=51735"},{"taxonomy":"post_tag","embeddable":true,"href":"https:\/\/www.caririemacao.com\/1\/wp-json\/wp\/v2\/tags?post=51735"}],"curies":[{"name":"wp","href":"https:\/\/api.w.org\/{rel}","templated":true}]}}