{"id":51738,"date":"2018-05-21T11:25:21","date_gmt":"2018-05-21T14:25:21","guid":{"rendered":"http:\/\/caririemacao.com\/1\/?p=51738"},"modified":"2018-05-21T11:25:21","modified_gmt":"2018-05-21T14:25:21","slug":"maduro-e-reeleito-em-eleicao-questionada-pela-oposicao","status":"publish","type":"post","link":"https:\/\/www.caririemacao.com\/1\/2018\/05\/21\/maduro-e-reeleito-em-eleicao-questionada-pela-oposicao\/","title":{"rendered":"Maduro \u00e9 reeleito em elei\u00e7\u00e3o questionada pela oposi\u00e7\u00e3o"},"content":{"rendered":"<p>Presidente da Venezuela desde 2013,\u00a0Nicol\u00e1s Maduro, de 55 anos, \u00e9 reeleito para mais seis anos de mandato, em uma elei\u00e7\u00e3o duramente criticada pela oposi\u00e7\u00e3o e com elevado \u00edndice de absten\u00e7\u00e3o. De acordo com a imprensa oficial, ele obteve 67,7% dos votos, enquanto o segundo colocado Henri Falc\u00f3n conseguiu 21,1%.<\/p>\n<p>Em entrevista coletiva na noite de\u00a0ontem\u00a0(20), Falc\u00f3n disse desconhecer o resultado das elei\u00e7\u00f5es. Segundo ele, s\u00e3o necess\u00e1rias novas elei\u00e7\u00f5es, pois houve uma \u201cviola\u00e7\u00e3o\u201d do acordo pr\u00e9-eleitoral. H\u00e1 informa\u00e7\u00f5es, n\u00e3o confirmadas oficialmente, de que o \u00edndice de absten\u00e7\u00e3o nas elei\u00e7\u00f5es foi superior a 70%.<\/p>\n<p>\u201cN\u00e3o reconhecemos este processo eleitoral como v\u00e1lido\u201d, disse Falc\u00f3n. \u201cPara n\u00f3s n\u00e3o houve elei\u00e7\u00f5es, \u00e9 preciso fazer novas elei\u00e7\u00f5es na Venezuela, n\u00e3o \u00e9 uma coloca\u00e7\u00e3o que viemos fazer, viemos fazer exig\u00eancias.\u201d<\/p>\n<p>Maduro chamou os candidatos derrotados e as lideran\u00e7as que promoveram a campanha em favor da absten\u00e7\u00e3o para um di\u00e1logo. \u201cHenri Falc\u00f3n, Javier Bertucci e todos os l\u00edderes da oposi\u00e7\u00e3o, [apelo para ] que nos reunamos, nos encontremos e falemos da Venezuela, convido-os aqui e assumo a responsabilidade deste chamado\u201d, disse.<\/p>\n<p>A Prensa Latina, ag\u00eancia oficial de not\u00edcias da Venezuela, e a Telesur, emissora oficial de televis\u00e3o do pa\u00eds, informaram que 92% das urnas, em que 5.823.728 eleitores votaram, foram apuradas. As informa\u00e7\u00f5es s\u00e3o atribu\u00eddas \u00e0 presidente do Conselho Nacional Eleitoral (CNE), Tibisay Lucena, ligada ao governo.<\/p>\n<p><strong>Press\u00e3o<\/strong><\/p>\n<p>As vota\u00e7\u00f5es ocorreram em 14.638 centros de vota\u00e7\u00e3o em todo o pa\u00eds. H\u00e1 informa\u00e7\u00f5es de que os eleitores que resistiam a votar, marcando um elevado \u00edndice de absten\u00e7\u00e3o, eram pressionados por grupos armados a comparecer aos locais de vota\u00e7\u00e3o.<\/p>\n<p>Em entrevistas coletivas, Maduro criticou a imprensa internacional, afirmando que havia uma campanha para difam\u00e1-lo. Ao final, ao fazer um balan\u00e7o parcial sobre as elei\u00e7\u00f5es,afirmou que foi executado um Plano Nacional para controlar \u201cpequenas irregularidades\u201d. N\u00e3o relatou quais foram essas ocorr\u00eancias.<\/p>\n<p><strong>Legalidade<\/strong><\/p>\n<p>A presidente do Conselho Nacional Eleitoral, Tibisay Lucena, ressaltou que mais de 150 representantes de organismos internacionais acompanharam a \u201ctranspar\u00eancia e legitimidade\u201d das elei\u00e7\u00f5es e dos conselhos legislativos. Na rela\u00e7\u00e3o desses representantes est\u00e3o o ex-ministro da Espanha Jos\u00e9 Luis Rodr\u00edguez e o ex-presidente do Equador Rafael Correa, ambos simpatizantes de Maduro.<\/p>\n<p>O processo eleitoral foi acompanhado por forte esquema de seguran\u00e7a, com 300 mil homens da For\u00e7a Armada Nacional Bolivariana, al\u00e9m do apoio de seguran\u00e7as e funcion\u00e1rios p\u00fablicos.<\/p>\n<p><strong>CARIRI EM A\u00c7\u00c3O<\/strong><\/p>\n<p>Com Congresso em Foco\/Foto: Reprodu\u00e7\u00e3o Internet<\/p>\n<p>Leia mais not\u00edcias em\u00a0<a href=\"http:\/\/www.caririemacao.com\/\">caririemacao.com<\/a>, siga nossa p\u00e1gina no\u00a0<a href=\"https:\/\/www.facebook.com\/CaririEmAcao\/?ref=aymt_homepage_panel\">Facebook<\/a>,\u00a0<a href=\"https:\/\/www.instagram.com\/cariri_em_acao\/?hl=pt-br\">Instagram<\/a>\u00a0e <a href=\"https:\/\/www.youtube.com\/channel\/UCAptA0jQuYQy8vMhLt2m4qg\">Youtube<\/a>\u00a0e veja nossas mat\u00e9rias, v\u00eddeos e fotos. Voc\u00ea tamb\u00e9m pode enviar informa\u00e7\u00f5es \u00e0 Reda\u00e7\u00e3o do Portal Cariri em A\u00e7\u00e3o pelo WhatsApp (83) 9 9634.5791, (83) 9 9601-1162.<\/p>\n","protected":false},"excerpt":{"rendered":"<p>Presidente da Venezuela desde 2013,\u00a0Nicol\u00e1s Maduro, de 55 anos, \u00e9 reeleito para mais seis anos de mandato, em uma elei\u00e7\u00e3o duramente criticada pela oposi\u00e7\u00e3o e&hellip; <\/p>\n","protected":false},"author":2,"featured_media":51739,"comment_status":"closed","ping_status":"closed","sticky":false,"template":"","format":"standard","meta":{"sfsi_plus_gutenberg_text_before_share":"","sfsi_plus_gutenberg_show_text_before_share":"","sfsi_plus_gutenberg_icon_type":"","sfsi_plus_gutenberg_icon_alignemt":"","sfsi_plus_gutenburg_max_per_row":"","footnotes":""},"categories":[1],"tags":[],"class_list":["post-51738","post","type-post","status-publish","format-standard","has-post-thumbnail","hentry","category-o-site"],"_links":{"self":[{"href":"https:\/\/www.caririemacao.com\/1\/wp-json\/wp\/v2\/posts\/51738","targetHints":{"allow":["GET"]}}],"collection":[{"href":"https:\/\/www.caririemacao.com\/1\/wp-json\/wp\/v2\/posts"}],"about":[{"href":"https:\/\/www.caririemacao.com\/1\/wp-json\/wp\/v2\/types\/post"}],"author":[{"embeddable":true,"href":"https:\/\/www.caririemacao.com\/1\/wp-json\/wp\/v2\/users\/2"}],"replies":[{"embeddable":true,"href":"https:\/\/www.caririemacao.com\/1\/wp-json\/wp\/v2\/comments?post=51738"}],"version-history":[{"count":0,"href":"https:\/\/www.caririemacao.com\/1\/wp-json\/wp\/v2\/posts\/51738\/revisions"}],"wp:featuredmedia":[{"embeddable":true,"href":"https:\/\/www.caririemacao.com\/1\/wp-json\/wp\/v2\/media\/51739"}],"wp:attachment":[{"href":"https:\/\/www.caririemacao.com\/1\/wp-json\/wp\/v2\/media?parent=51738"}],"wp:term":[{"taxonomy":"category","embeddable":true,"href":"https:\/\/www.caririemacao.com\/1\/wp-json\/wp\/v2\/categories?post=51738"},{"taxonomy":"post_tag","embeddable":true,"href":"https:\/\/www.caririemacao.com\/1\/wp-json\/wp\/v2\/tags?post=51738"}],"curies":[{"name":"wp","href":"https:\/\/api.w.org\/{rel}","templated":true}]}}