{"id":51747,"date":"2018-05-21T13:27:19","date_gmt":"2018-05-21T16:27:19","guid":{"rendered":"http:\/\/caririemacao.com\/1\/?p=51747"},"modified":"2018-05-21T13:27:19","modified_gmt":"2018-05-21T16:27:19","slug":"em-brasilia-sandro-e-kiel-participam-da-marcha-dos-prefeitos","status":"publish","type":"post","link":"https:\/\/www.caririemacao.com\/1\/2018\/05\/21\/em-brasilia-sandro-e-kiel-participam-da-marcha-dos-prefeitos\/","title":{"rendered":"Em Bras\u00edlia, Sandro e Kiel participam da Marcha dos prefeitos\u00a0"},"content":{"rendered":"<p>O prefeito de Camala\u00fa, Sandro M\u00f4co, e o vice-prefeito, Ezequiel S\u00f3stenes, est\u00e3o na capital federal nesta segunda-feira, 21, para participar da XXI Marcha \u00e0 Bras\u00edlia em Defesa dos Munic\u00edpios.<\/p>\n<p>Ainda em Bras\u00edlia, os gestores camalauenses v\u00e3o aproveitar a viagem para cobrar assuntos relacionados \u00e0 pasta do munic\u00edpio.<\/p>\n<p>\u201cNosso objetivo \u00e9 de fortalecer a luta em defesa dos munic\u00edpios e nosso elo com os representantes paraibanos com intuito de conseguirmos investimentos para nossa Camala\u00fa\u201d, ressaltou o prefeito.<\/p>\n<p><strong>A MARCHA DOS PREFEITOS<\/strong><\/p>\n<p>A Marcha \u00e0 Bras\u00edlia em Defesa dos Munic\u00edpios \u00e9 uma mobiliza\u00e7\u00e3o democr\u00e1tica, realizada anualmente desde 1998, e se tornou o maior evento pol\u00edtico do Brasil, contanto com a presen\u00e7a de mais de 8 mil participantes: prefeitos, secret\u00e1rios municipais, vereadores, senadores, governadores, parlamentares estaduais e federais, ministros e presidentes da Rep\u00fablica.<\/p>\n<p><strong>CARIRI EM A\u00c7\u00c3O<\/strong><\/p>\n<p>Leia mais not\u00edcias em\u00a0<a href=\"http:\/\/www.caririemacao.com\/\">caririemacao.com<\/a>, siga nossa p\u00e1gina no\u00a0<a href=\"https:\/\/www.facebook.com\/CaririEmAcao\/?ref=aymt_homepage_panel\">Facebook<\/a>,\u00a0<a href=\"https:\/\/www.instagram.com\/cariri_em_acao\/?hl=pt-br\">Instagram<\/a>\u00a0e\u00a0<a href=\"https:\/\/www.youtube.com\/channel\/UCAptA0jQuYQy8vMhLt2m4qg\">Youtube<\/a>\u00a0e veja nossas mat\u00e9rias, v\u00eddeos e fotos. Voc\u00ea tamb\u00e9m pode enviar informa\u00e7\u00f5es \u00e0 Reda\u00e7\u00e3o do Portal Cariri em A\u00e7\u00e3o pelo WhatsApp (83) 9 9634.5791, (83) 9 9601-1162.<\/p>\n","protected":false},"excerpt":{"rendered":"<p>O prefeito de Camala\u00fa, Sandro M\u00f4co, e o vice-prefeito, Ezequiel S\u00f3stenes, est\u00e3o na capital federal nesta segunda-feira, 21, para participar da XXI Marcha \u00e0 Bras\u00edlia&hellip; <\/p>\n","protected":false},"author":2,"featured_media":51748,"comment_status":"closed","ping_status":"closed","sticky":false,"template":"","format":"standard","meta":{"sfsi_plus_gutenberg_text_before_share":"","sfsi_plus_gutenberg_show_text_before_share":"","sfsi_plus_gutenberg_icon_type":"","sfsi_plus_gutenberg_icon_alignemt":"","sfsi_plus_gutenburg_max_per_row":"","footnotes":""},"categories":[11],"tags":[],"class_list":["post-51747","post","type-post","status-publish","format-standard","has-post-thumbnail","hentry","category-politica"],"_links":{"self":[{"href":"https:\/\/www.caririemacao.com\/1\/wp-json\/wp\/v2\/posts\/51747","targetHints":{"allow":["GET"]}}],"collection":[{"href":"https:\/\/www.caririemacao.com\/1\/wp-json\/wp\/v2\/posts"}],"about":[{"href":"https:\/\/www.caririemacao.com\/1\/wp-json\/wp\/v2\/types\/post"}],"author":[{"embeddable":true,"href":"https:\/\/www.caririemacao.com\/1\/wp-json\/wp\/v2\/users\/2"}],"replies":[{"embeddable":true,"href":"https:\/\/www.caririemacao.com\/1\/wp-json\/wp\/v2\/comments?post=51747"}],"version-history":[{"count":0,"href":"https:\/\/www.caririemacao.com\/1\/wp-json\/wp\/v2\/posts\/51747\/revisions"}],"wp:featuredmedia":[{"embeddable":true,"href":"https:\/\/www.caririemacao.com\/1\/wp-json\/wp\/v2\/media\/51748"}],"wp:attachment":[{"href":"https:\/\/www.caririemacao.com\/1\/wp-json\/wp\/v2\/media?parent=51747"}],"wp:term":[{"taxonomy":"category","embeddable":true,"href":"https:\/\/www.caririemacao.com\/1\/wp-json\/wp\/v2\/categories?post=51747"},{"taxonomy":"post_tag","embeddable":true,"href":"https:\/\/www.caririemacao.com\/1\/wp-json\/wp\/v2\/tags?post=51747"}],"curies":[{"name":"wp","href":"https:\/\/api.w.org\/{rel}","templated":true}]}}