{"id":51750,"date":"2018-05-21T19:42:22","date_gmt":"2018-05-21T22:42:22","guid":{"rendered":"http:\/\/caririemacao.com\/1\/?p=51750"},"modified":"2018-05-21T19:42:22","modified_gmt":"2018-05-21T22:42:22","slug":"justica-determina-que-uniao-cumpra-teto-remuneratorio-no-salario-de-cassio","status":"publish","type":"post","link":"https:\/\/www.caririemacao.com\/1\/2018\/05\/21\/justica-determina-que-uniao-cumpra-teto-remuneratorio-no-salario-de-cassio\/","title":{"rendered":"Justi\u00e7a determina que Uni\u00e3o cumpra teto remunerat\u00f3rio no sal\u00e1rio de C\u00e1ssio"},"content":{"rendered":"<p>A ju\u00edza federal Wanessa Figueiredo dos Santos Lima, da 2\u00aa Vara da Justi\u00e7a Federal na Para\u00edba, concedeu liminar, nesta segunda-feira (21), determinando que a Uni\u00e3o cumpra o teto remunerat\u00f3rio constitucional quanto ao pagamento do subs\u00eddio do senador C\u00e1ssio Cunha Lima. Para isso, o Senado Federal dever\u00e1 adicionar \u00e0 pens\u00e3o especial de ex-governador da Para\u00edba (no valor atual de R$ 23.500,82), recebida atrav\u00e9s do tesouro estadual, somente a diferen\u00e7a para alcan\u00e7ar o teto m\u00e1ximo, hoje de R$ 33.763,00.<\/p>\n<p>A Justi\u00e7a Federal acolheu o pedido de tutela antecipada na A\u00e7\u00e3o Civil P\u00fablica n.\u00ba 0804256-24.2014.4.05.8200, de autoria do Minist\u00e9rio P\u00fablico Federal, tendo em vista que a norma constitucional que estabelece o teto de remunera\u00e7\u00e3o dos agentes p\u00fablicos estava sendo continuamente violada com a persist\u00eancia do dano ao er\u00e1rio.<\/p>\n<p>Para a ju\u00edza federal, a Constitui\u00e7\u00e3o Federal \u201c\u00e9 bastante abrangente, incluindo todo e qualquer valor remunerat\u00f3rio percebido dos cofres p\u00fablicos, ainda que se trate de benef\u00edcios recebidos de fontes diversas, como a Fazenda estadual e a federal\u201d.<\/p>\n<p>Assim, reconhecendo o extrapolamento do teto constitucional, a magistrada determinou que seja adicionado \u00e0 pens\u00e3o de ex-governador recebida do tesouro estadual o subs\u00eddio recebido pelo cargo eletivo de senador da Rep\u00fablica, at\u00e9 alcan\u00e7ar o teto m\u00e1ximo de R$ 33.763,00. \u201cComo n\u00e3o podemos alterar o valor da pens\u00e3o (verba estadual), diminu\u00edmos o valor a ser recebido por meio do subs\u00eddio (verba federal)\u201d, declarou a ju\u00edza federal.<\/p>\n<p><strong>CARIRI EM A\u00c7\u00c3O<\/strong><\/p>\n<p>Com Mais PB\/Foto: Reprodu\u00e7\u00e3o Internet<\/p>\n<p>Leia mais not\u00edcias em\u00a0<a href=\"http:\/\/www.caririemacao.com\/\">caririemacao.com<\/a>, siga nossa p\u00e1gina no\u00a0<a href=\"https:\/\/www.facebook.com\/CaririEmAcao\/?ref=aymt_homepage_panel\">Facebook<\/a>,\u00a0<a href=\"https:\/\/www.instagram.com\/cariri_em_acao\/?hl=pt-br\">Instagram<\/a>\u00a0e\u00a0<a href=\"https:\/\/www.youtube.com\/channel\/UCAptA0jQuYQy8vMhLt2m4qg\">Youtube<\/a>\u00a0e veja nossas mat\u00e9rias, v\u00eddeos e fotos. Voc\u00ea tamb\u00e9m pode enviar informa\u00e7\u00f5es \u00e0 Reda\u00e7\u00e3o do Portal Cariri em A\u00e7\u00e3o pelo WhatsApp (83) 9 9634.5791, (83) 9 9601-1162.<\/p>\n","protected":false},"excerpt":{"rendered":"<p>A ju\u00edza federal Wanessa Figueiredo dos Santos Lima, da 2\u00aa Vara da Justi\u00e7a Federal na Para\u00edba, concedeu liminar, nesta segunda-feira (21), determinando que a Uni\u00e3o&hellip; <\/p>\n","protected":false},"author":2,"featured_media":10905,"comment_status":"closed","ping_status":"closed","sticky":false,"template":"","format":"standard","meta":{"sfsi_plus_gutenberg_text_before_share":"","sfsi_plus_gutenberg_show_text_before_share":"","sfsi_plus_gutenberg_icon_type":"","sfsi_plus_gutenberg_icon_alignemt":"","sfsi_plus_gutenburg_max_per_row":"","footnotes":""},"categories":[11],"tags":[],"class_list":["post-51750","post","type-post","status-publish","format-standard","has-post-thumbnail","hentry","category-politica"],"_links":{"self":[{"href":"https:\/\/www.caririemacao.com\/1\/wp-json\/wp\/v2\/posts\/51750","targetHints":{"allow":["GET"]}}],"collection":[{"href":"https:\/\/www.caririemacao.com\/1\/wp-json\/wp\/v2\/posts"}],"about":[{"href":"https:\/\/www.caririemacao.com\/1\/wp-json\/wp\/v2\/types\/post"}],"author":[{"embeddable":true,"href":"https:\/\/www.caririemacao.com\/1\/wp-json\/wp\/v2\/users\/2"}],"replies":[{"embeddable":true,"href":"https:\/\/www.caririemacao.com\/1\/wp-json\/wp\/v2\/comments?post=51750"}],"version-history":[{"count":0,"href":"https:\/\/www.caririemacao.com\/1\/wp-json\/wp\/v2\/posts\/51750\/revisions"}],"wp:featuredmedia":[{"embeddable":true,"href":"https:\/\/www.caririemacao.com\/1\/wp-json\/wp\/v2\/media\/10905"}],"wp:attachment":[{"href":"https:\/\/www.caririemacao.com\/1\/wp-json\/wp\/v2\/media?parent=51750"}],"wp:term":[{"taxonomy":"category","embeddable":true,"href":"https:\/\/www.caririemacao.com\/1\/wp-json\/wp\/v2\/categories?post=51750"},{"taxonomy":"post_tag","embeddable":true,"href":"https:\/\/www.caririemacao.com\/1\/wp-json\/wp\/v2\/tags?post=51750"}],"curies":[{"name":"wp","href":"https:\/\/api.w.org\/{rel}","templated":true}]}}