{"id":51755,"date":"2018-05-21T19:47:11","date_gmt":"2018-05-21T22:47:11","guid":{"rendered":"http:\/\/caririemacao.com\/1\/?p=51755"},"modified":"2018-05-21T19:47:11","modified_gmt":"2018-05-21T22:47:11","slug":"justica-obriga-globo-a-tratar-time-pelo-nome-de-registro","status":"publish","type":"post","link":"https:\/\/www.caririemacao.com\/1\/2018\/05\/21\/justica-obriga-globo-a-tratar-time-pelo-nome-de-registro\/","title":{"rendered":"Justi\u00e7a obriga Globo a tratar time pelo nome de registro"},"content":{"rendered":"<p>A 4\u00aa Vara C\u00edvel de Campina Grande determinou que as TVs Cabo Branco e Para\u00edba passem a tratar o time de basquete da Unafacisa pelo nome de registro, n\u00e3o por apelidos como Basquete Campina e Campina Grande.<\/p>\n<p>Segundo a institui\u00e7\u00e3o,\u00a0a Globo possui esse tipo de expediente em outras situa\u00e7\u00f5es. Casos emblem\u00e1ticos s\u00e3o o da agremia\u00e7\u00e3o futebol\u00edstica paulista Red Bull Brasil e o do est\u00e1dio Allianz Parque, tratados pelo ve\u00edculo de comunica\u00e7\u00e3o como RB Brasil e Arena Palmeiras, respectivamente.<\/p>\n<p>O advogado Lafayette Gadelha afirmou que \u201cnada obstante o direito \u00e0 liberdade de express\u00e3o estar consagrado no texto constitucional, h\u00e1 limites para atua\u00e7\u00e3o da imprensa, especialmente para que ela sempre veicule informa\u00e7\u00f5es de acordo com a verdade dos fatos\u201d.<\/p>\n<p><strong>CARIRI EM A\u00c7\u00c3O<\/strong><\/p>\n<p>Com MaisPB\/Foto:\u00a0MaisPB<\/p>\n<p>Leia mais not\u00edcias em\u00a0<a href=\"http:\/\/www.caririemacao.com\/\">caririemacao.com<\/a>, siga nossa p\u00e1gina no\u00a0<a href=\"https:\/\/www.facebook.com\/CaririEmAcao\/?ref=aymt_homepage_panel\">Facebook<\/a>,\u00a0<a href=\"https:\/\/www.instagram.com\/cariri_em_acao\/?hl=pt-br\">Instagram<\/a>\u00a0e\u00a0<a href=\"https:\/\/www.youtube.com\/channel\/UCAptA0jQuYQy8vMhLt2m4qg\">Youtube<\/a>\u00a0e veja nossas mat\u00e9rias, v\u00eddeos e fotos. Voc\u00ea tamb\u00e9m pode enviar informa\u00e7\u00f5es \u00e0 Reda\u00e7\u00e3o do Portal Cariri em A\u00e7\u00e3o pelo WhatsApp (83) 9 9634.5791, (83) 9 9601-1162.<\/p>\n","protected":false},"excerpt":{"rendered":"<p>A 4\u00aa Vara C\u00edvel de Campina Grande determinou que as TVs Cabo Branco e Para\u00edba passem a tratar o time de basquete da Unafacisa pelo&hellip; <\/p>\n","protected":false},"author":2,"featured_media":51756,"comment_status":"closed","ping_status":"closed","sticky":false,"template":"","format":"standard","meta":{"sfsi_plus_gutenberg_text_before_share":"","sfsi_plus_gutenberg_show_text_before_share":"","sfsi_plus_gutenberg_icon_type":"","sfsi_plus_gutenberg_icon_alignemt":"","sfsi_plus_gutenburg_max_per_row":"","footnotes":""},"categories":[13],"tags":[],"class_list":["post-51755","post","type-post","status-publish","format-standard","has-post-thumbnail","hentry","category-esportes"],"_links":{"self":[{"href":"https:\/\/www.caririemacao.com\/1\/wp-json\/wp\/v2\/posts\/51755","targetHints":{"allow":["GET"]}}],"collection":[{"href":"https:\/\/www.caririemacao.com\/1\/wp-json\/wp\/v2\/posts"}],"about":[{"href":"https:\/\/www.caririemacao.com\/1\/wp-json\/wp\/v2\/types\/post"}],"author":[{"embeddable":true,"href":"https:\/\/www.caririemacao.com\/1\/wp-json\/wp\/v2\/users\/2"}],"replies":[{"embeddable":true,"href":"https:\/\/www.caririemacao.com\/1\/wp-json\/wp\/v2\/comments?post=51755"}],"version-history":[{"count":0,"href":"https:\/\/www.caririemacao.com\/1\/wp-json\/wp\/v2\/posts\/51755\/revisions"}],"wp:featuredmedia":[{"embeddable":true,"href":"https:\/\/www.caririemacao.com\/1\/wp-json\/wp\/v2\/media\/51756"}],"wp:attachment":[{"href":"https:\/\/www.caririemacao.com\/1\/wp-json\/wp\/v2\/media?parent=51755"}],"wp:term":[{"taxonomy":"category","embeddable":true,"href":"https:\/\/www.caririemacao.com\/1\/wp-json\/wp\/v2\/categories?post=51755"},{"taxonomy":"post_tag","embeddable":true,"href":"https:\/\/www.caririemacao.com\/1\/wp-json\/wp\/v2\/tags?post=51755"}],"curies":[{"name":"wp","href":"https:\/\/api.w.org\/{rel}","templated":true}]}}