{"id":51758,"date":"2018-05-21T19:49:46","date_gmt":"2018-05-21T22:49:46","guid":{"rendered":"http:\/\/caririemacao.com\/1\/?p=51758"},"modified":"2018-05-21T19:49:46","modified_gmt":"2018-05-21T22:49:46","slug":"cassio-e-pedro-defendem-eva-como-vice-de-lucelio","status":"publish","type":"post","link":"https:\/\/www.caririemacao.com\/1\/2018\/05\/21\/cassio-e-pedro-defendem-eva-como-vice-de-lucelio\/","title":{"rendered":"C\u00e1ssio e Pedro defendem Eva como vice de Luc\u00e9lio"},"content":{"rendered":"<p>O senador C\u00e1ssio Cunha Lima (PSDB) e o deputado federal Pedro Cunha Lima (PSDB) defenderam, nesta segunda-feira (21), a ex-deputada estadual Eva Gouveia como uma op\u00e7\u00e3o para vice\u00a0 na chapa de Luc\u00e9lio Cartaxo (PV) para as elei\u00e7\u00f5es 2018.<\/p>\n<p>De acordo com os tucanos, \u00e9 importante que a presidente estadual do PSD participe do processo eleitoral e integrar a majorit\u00e1ria da oposi\u00e7\u00e3o.<\/p>\n<p>\u201cNaturalmente ela demonstrou compet\u00eancia a frente do seu mandato de deputada estadual e atualmente como secret\u00e1ria. \u00c9 uma decis\u00e3o que vai ser tomada pelos partidos e com uma participa\u00e7\u00e3o decisiva do prefeito Romero Rodrigues e tamb\u00e9m de Luc\u00e9lio Cartaxo, que dar\u00e1 a palavra final sobre isso\u201d, destacou C\u00e1ssio.<\/p>\n<p>J\u00e1 o deputado Pedro Cunha Lima garantiu que \u00e9 bom para a chapa da oposi\u00e7\u00e3o ter v\u00e1rias op\u00e7\u00f5es. Entre elas, Eva Gouveia.<\/p>\n<p>\u201cO nome de Eva est\u00e1 dentro desse projeto. Qualquer nome que participa desse processo deve ser lembrado e cogitado. \u00c9 leg\u00edtimo que haja essa men\u00e7\u00e3o\u201d, destacou.<\/p>\n<p><strong>CARIRI EM A\u00c7\u00c3O<\/strong><\/p>\n<p>Com MaisPB\/Foto: Reprodu\u00e7\u00e3o Internet, Divulga\u00e7\u00e3o<\/p>\n<p>Leia mais not\u00edcias em\u00a0<a href=\"http:\/\/www.caririemacao.com\/\">caririemacao.com<\/a>, siga nossa p\u00e1gina no\u00a0<a href=\"https:\/\/www.facebook.com\/CaririEmAcao\/?ref=aymt_homepage_panel\">Facebook<\/a>,\u00a0<a href=\"https:\/\/www.instagram.com\/cariri_em_acao\/?hl=pt-br\">Instagram<\/a>\u00a0e\u00a0<a href=\"https:\/\/www.youtube.com\/channel\/UCAptA0jQuYQy8vMhLt2m4qg\">Youtube<\/a>\u00a0e veja nossas mat\u00e9rias, v\u00eddeos e fotos. Voc\u00ea tamb\u00e9m pode enviar informa\u00e7\u00f5es \u00e0 Reda\u00e7\u00e3o do Portal Cariri em A\u00e7\u00e3o pelo WhatsApp (83) 9 9634.5791, (83) 9 9601-1162.<\/p>\n","protected":false},"excerpt":{"rendered":"<p>O senador C\u00e1ssio Cunha Lima (PSDB) e o deputado federal Pedro Cunha Lima (PSDB) defenderam, nesta segunda-feira (21), a ex-deputada estadual Eva Gouveia como uma&hellip; <\/p>\n","protected":false},"author":2,"featured_media":51759,"comment_status":"closed","ping_status":"closed","sticky":false,"template":"","format":"standard","meta":{"sfsi_plus_gutenberg_text_before_share":"","sfsi_plus_gutenberg_show_text_before_share":"","sfsi_plus_gutenberg_icon_type":"","sfsi_plus_gutenberg_icon_alignemt":"","sfsi_plus_gutenburg_max_per_row":"","footnotes":""},"categories":[1],"tags":[],"class_list":["post-51758","post","type-post","status-publish","format-standard","has-post-thumbnail","hentry","category-o-site"],"_links":{"self":[{"href":"https:\/\/www.caririemacao.com\/1\/wp-json\/wp\/v2\/posts\/51758","targetHints":{"allow":["GET"]}}],"collection":[{"href":"https:\/\/www.caririemacao.com\/1\/wp-json\/wp\/v2\/posts"}],"about":[{"href":"https:\/\/www.caririemacao.com\/1\/wp-json\/wp\/v2\/types\/post"}],"author":[{"embeddable":true,"href":"https:\/\/www.caririemacao.com\/1\/wp-json\/wp\/v2\/users\/2"}],"replies":[{"embeddable":true,"href":"https:\/\/www.caririemacao.com\/1\/wp-json\/wp\/v2\/comments?post=51758"}],"version-history":[{"count":0,"href":"https:\/\/www.caririemacao.com\/1\/wp-json\/wp\/v2\/posts\/51758\/revisions"}],"wp:featuredmedia":[{"embeddable":true,"href":"https:\/\/www.caririemacao.com\/1\/wp-json\/wp\/v2\/media\/51759"}],"wp:attachment":[{"href":"https:\/\/www.caririemacao.com\/1\/wp-json\/wp\/v2\/media?parent=51758"}],"wp:term":[{"taxonomy":"category","embeddable":true,"href":"https:\/\/www.caririemacao.com\/1\/wp-json\/wp\/v2\/categories?post=51758"},{"taxonomy":"post_tag","embeddable":true,"href":"https:\/\/www.caririemacao.com\/1\/wp-json\/wp\/v2\/tags?post=51758"}],"curies":[{"name":"wp","href":"https:\/\/api.w.org\/{rel}","templated":true}]}}